{"id":32577,"date":"2025-08-30T13:21:36","date_gmt":"2025-08-30T12:21:36","guid":{"rendered":"http:\/\/karin.stampis.com\/blog\/?p=32577"},"modified":"2025-08-23T13:21:43","modified_gmt":"2025-08-23T12:21:43","slug":"stralsund","status":"publish","type":"post","link":"http:\/\/karin.stampis.com\/blog\/?p=32577","title":{"rendered":"Stralsund"},"content":{"rendered":"\n<p>Morgonen efter dagen i Schwerin s\u00e5 \u00e5kte vi till Stralsund. D\u00e5 jag bokade hotell s\u00e5 visste jag inte om att det var en medeltidsfestival i stadenden h\u00e4r veckan, s\u00e5 det var j\u00e4ttemycket folk i r\u00f6relse.<\/p>\n\n\n\n<figure class=\"wp-block-image size-large\"><img loading=\"lazy\" decoding=\"async\" width=\"2000\" height=\"1500\" src=\"http:\/\/karin.stampis.com\/blog\/wp-content\/uploads\/2025\/08\/20250723_145300121.jpg\" alt=\"\" class=\"wp-image-32580\"\/><\/figure>\n\n\n\n<p>Vi \u00e5t lunch i en vagn som s\u00e5lde fiskburgare (vi hittade bara fiskst\u00e4llet i hamnen). Viktor ville promt ha en sort som s\u00e5g kul ut (Schillerlocke), fast vi varnade honom om att han nog inte skulle gilla den. S\u00e5 i slut\u00e4ndan fick Jimmy \u00e4ta den :p .<\/p>\n\n\n\n<figure class=\"wp-block-image size-full\"><img loading=\"lazy\" decoding=\"async\" width=\"2000\" height=\"1500\" src=\"http:\/\/karin.stampis.com\/blog\/wp-content\/uploads\/2025\/08\/20250723_150926398.jpg\" alt=\"\" class=\"wp-image-32587\"\/><\/figure>\n\n\n\n<p>Sen bes\u00f6kte vi Ozeanum och Meeresmuseam<\/p>\n\n\n\n<figure class=\"wp-block-image size-large\"><img loading=\"lazy\" decoding=\"async\" width=\"1500\" height=\"2000\" src=\"http:\/\/karin.stampis.com\/blog\/wp-content\/uploads\/2025\/08\/20250723_154004530.jpg\" alt=\"\" class=\"wp-image-32578\"\/><\/figure>\n\n\n\n<p>Alfred var nog \u00e4ldst h\u00e4r \ud83d\ude09<\/p>\n\n\n\n<figure class=\"wp-block-image size-large\"><img loading=\"lazy\" decoding=\"async\" width=\"2000\" height=\"1500\" src=\"http:\/\/karin.stampis.com\/blog\/wp-content\/uploads\/2025\/08\/20250723_154152015.jpg\" alt=\"\" class=\"wp-image-32582\"\/><\/figure>\n\n\n\n<figure class=\"wp-block-image size-large\"><img loading=\"lazy\" decoding=\"async\" width=\"2000\" height=\"1498\" src=\"http:\/\/karin.stampis.com\/blog\/wp-content\/uploads\/2025\/08\/20250723_160130416.jpg\" alt=\"\" class=\"wp-image-32583\"\/><\/figure>\n\n\n\n<figure class=\"wp-block-image size-large\"><img loading=\"lazy\" decoding=\"async\" width=\"1500\" height=\"2000\" src=\"http:\/\/karin.stampis.com\/blog\/wp-content\/uploads\/2025\/08\/20250723_172536549.jpg\" alt=\"\" class=\"wp-image-32579\"\/><\/figure>\n\n\n\n<figure class=\"wp-block-image size-large\"><img loading=\"lazy\" decoding=\"async\" width=\"2000\" height=\"1500\" src=\"http:\/\/karin.stampis.com\/blog\/wp-content\/uploads\/2025\/08\/20250723_174521762.jpg\" alt=\"\" class=\"wp-image-32581\"\/><\/figure>\n\n\n\n<p>Jimmy var tr\u00f6tt och somnade i en stol p\u00e5 Meeresmuseaum. Han hade mobilen i handen, s\u00e5 jag tog den ifr\u00e5n honom (d\u00e4rav den \u00f6ppna handen) och tog ett foto \ud83d\ude09 &#8211;<\/p>\n\n\n\n<figure class=\"wp-block-image size-large\"><img loading=\"lazy\" decoding=\"async\" width=\"2000\" height=\"1500\" src=\"http:\/\/karin.stampis.com\/blog\/wp-content\/uploads\/2025\/08\/20250723_174700354.jpg\" alt=\"\" class=\"wp-image-32584\"\/><\/figure>\n\n\n\n<figure class=\"wp-block-image size-large\"><img loading=\"lazy\" decoding=\"async\" width=\"2000\" height=\"1500\" src=\"http:\/\/karin.stampis.com\/blog\/wp-content\/uploads\/2025\/08\/20250723_184723263.jpg\" alt=\"\" class=\"wp-image-32585\"\/><\/figure>\n\n\n\n<p>P\u00e5 kv\u00e4llen \u00e5t vi middag vid torget<\/p>\n\n\n\n<figure class=\"wp-block-image size-large\"><img loading=\"lazy\" decoding=\"async\" width=\"2000\" height=\"1500\" src=\"http:\/\/karin.stampis.com\/blog\/wp-content\/uploads\/2025\/08\/20250723_192007045.jpg\" alt=\"\" class=\"wp-image-32586\"\/><\/figure>\n\n\n\n<p>Stora portioner!<\/p>\n","protected":false},"excerpt":{"rendered":"<p>Morgonen efter dagen i Schwerin s\u00e5 \u00e5kte vi till Stralsund. D\u00e5 jag bokade hotell s\u00e5 visste jag inte om att det var en medeltidsfestival i stadenden h\u00e4r veckan, s\u00e5 det var j\u00e4ttemycket folk i r\u00f6relse. Vi \u00e5t lunch i en &hellip; <a href=\"http:\/\/karin.stampis.com\/blog\/?p=32577\">Continue reading <span class=\"meta-nav\">&rarr;<\/span><\/a><\/p>\n","protected":false},"author":1,"featured_media":0,"comment_status":"open","ping_status":"open","sticky":false,"template":"","format":"standard","meta":{"footnotes":""},"categories":[552,562,561,145,563],"tags":[],"class_list":["post-32577","post","type-post","status-publish","format-standard","hentry","category-552","category-augusti-2025","category-juli-2025","category-resebloggar","category-tyskland-2025"],"_links":{"self":[{"href":"http:\/\/karin.stampis.com\/blog\/index.php?rest_route=\/wp\/v2\/posts\/32577","targetHints":{"allow":["GET"]}}],"collection":[{"href":"http:\/\/karin.stampis.com\/blog\/index.php?rest_route=\/wp\/v2\/posts"}],"about":[{"href":"http:\/\/karin.stampis.com\/blog\/index.php?rest_route=\/wp\/v2\/types\/post"}],"author":[{"embeddable":true,"href":"http:\/\/karin.stampis.com\/blog\/index.php?rest_route=\/wp\/v2\/users\/1"}],"replies":[{"embeddable":true,"href":"http:\/\/karin.stampis.com\/blog\/index.php?rest_route=%2Fwp%2Fv2%2Fcomments&post=32577"}],"version-history":[{"count":2,"href":"http:\/\/karin.stampis.com\/blog\/index.php?rest_route=\/wp\/v2\/posts\/32577\/revisions"}],"predecessor-version":[{"id":32626,"href":"http:\/\/karin.stampis.com\/blog\/index.php?rest_route=\/wp\/v2\/posts\/32577\/revisions\/32626"}],"wp:attachment":[{"href":"http:\/\/karin.stampis.com\/blog\/index.php?rest_route=%2Fwp%2Fv2%2Fmedia&parent=32577"}],"wp:term":[{"taxonomy":"category","embeddable":true,"href":"http:\/\/karin.stampis.com\/blog\/index.php?rest_route=%2Fwp%2Fv2%2Fcategories&post=32577"},{"taxonomy":"post_tag","embeddable":true,"href":"http:\/\/karin.stampis.com\/blog\/index.php?rest_route=%2Fwp%2Fv2%2Ftags&post=32577"}],"curies":[{"name":"wp","href":"https:\/\/api.w.org\/{rel}","templated":true}]}}