{"id":32602,"date":"2025-09-11T18:34:41","date_gmt":"2025-09-11T17:34:41","guid":{"rendered":"http:\/\/karin.stampis.com\/blog\/?p=32602"},"modified":"2025-09-10T18:34:46","modified_gmt":"2025-09-10T17:34:46","slug":"binz-och-sassniz","status":"publish","type":"post","link":"http:\/\/karin.stampis.com\/blog\/?p=32602","title":{"rendered":"Binz och Sassniz"},"content":{"rendered":"\n<p>Tillbaks till Tysklandsresan (som nu var f\u00f6r 1.5 m\u00e5nad sen&#8230;). Efter att varit p\u00e5 Baumwipfelpfad s\u00e5 fortsatte vi v\u00e5r tur i R\u00fcgen genom att \u00e5ka till Binz. H\u00e4r var jag d\u00e5 1992, d\u00e5 jag var ett \u00e5r yngre \u00e4n Alfred och min far fyllde 50. D\u00e5 var det inte bads\u00e4song, men jag kommer fortfarande ih\u00e5g att str\u00e4nderna var j\u00e4ttefina och att glassen var helt gudomlig. Jag blev inte besviken &#8211; mina minnen st\u00e4mde fortfarande. Dock s\u00e5 var det v\u00e4ldigt mycket mer folk p\u00e5 stranden nu.<\/p>\n\n\n\n<figure class=\"wp-block-image size-large\"><img loading=\"lazy\" decoding=\"async\" width=\"2000\" height=\"1500\" src=\"http:\/\/karin.stampis.com\/blog\/wp-content\/uploads\/2025\/08\/20250724_134428242.jpg\" alt=\"\" class=\"wp-image-32603\"\/><\/figure>\n\n\n\n<figure class=\"wp-block-image size-large\"><img loading=\"lazy\" decoding=\"async\" width=\"2000\" height=\"1500\" src=\"http:\/\/karin.stampis.com\/blog\/wp-content\/uploads\/2025\/08\/20250724_141949129.jpg\" alt=\"\" class=\"wp-image-32604\"\/><\/figure>\n\n\n\n<figure class=\"wp-block-image size-full\"><img loading=\"lazy\" decoding=\"async\" width=\"1470\" height=\"1961\" src=\"http:\/\/karin.stampis.com\/blog\/wp-content\/uploads\/2025\/09\/20250724_133348462.jpg\" alt=\"\" class=\"wp-image-32632\"\/><\/figure>\n\n\n\n<p>Det h\u00e4r att vi badade p\u00e5 en &#8220;textilstrand&#8221; tyckte barnen var v\u00e4ldigt komiskt.<\/p>\n\n\n\n<figure class=\"wp-block-image size-large\"><img loading=\"lazy\" decoding=\"async\" width=\"2000\" height=\"1500\" src=\"http:\/\/karin.stampis.com\/blog\/wp-content\/uploads\/2025\/08\/20250724_144310628.jpg\" alt=\"\" class=\"wp-image-32606\"\/><\/figure>\n\n\n\n<p>L\u00e5ng och fin strandpromenad.<\/p>\n\n\n\n<figure class=\"wp-block-image size-large\"><img loading=\"lazy\" decoding=\"async\" width=\"2000\" height=\"1500\" src=\"http:\/\/karin.stampis.com\/blog\/wp-content\/uploads\/2025\/08\/20250724_145610013.jpg\" alt=\"\" class=\"wp-image-32607\"\/><\/figure>\n\n\n\n<p>Glassarna var faktiskt s\u00e5 goda som jag kom ih\u00e5g dom!<\/p>\n\n\n\n<figure class=\"wp-block-image size-large\"><img loading=\"lazy\" decoding=\"async\" width=\"2000\" height=\"1500\" src=\"http:\/\/karin.stampis.com\/blog\/wp-content\/uploads\/2025\/08\/20250724_152355073.jpg\" alt=\"\" class=\"wp-image-32605\"\/><\/figure>\n\n\n\n<figure class=\"wp-block-image size-large\"><img loading=\"lazy\" decoding=\"async\" width=\"2000\" height=\"1500\" src=\"http:\/\/karin.stampis.com\/blog\/wp-content\/uploads\/2025\/08\/20250724_152506315.jpg\" alt=\"\" class=\"wp-image-32608\"\/><\/figure>\n\n\n\n<figure class=\"wp-block-image size-large\"><img loading=\"lazy\" decoding=\"async\" width=\"2000\" height=\"1500\" src=\"http:\/\/karin.stampis.com\/blog\/wp-content\/uploads\/2025\/08\/20250724_153037358.jpg\" alt=\"\" class=\"wp-image-32610\"\/><\/figure>\n\n\n\n<p>Halvv\u00e4gs p\u00e5 den l\u00e5nga bryggan<\/p>\n\n\n\n<figure class=\"wp-block-image size-large\"><img loading=\"lazy\" decoding=\"async\" width=\"2000\" height=\"1500\" src=\"http:\/\/karin.stampis.com\/blog\/wp-content\/uploads\/2025\/08\/20250724_153320989.jpg\" alt=\"\" class=\"wp-image-32609\"\/><\/figure>\n\n\n\n<figure class=\"wp-block-image size-full\"><img loading=\"lazy\" decoding=\"async\" width=\"2615\" height=\"1961\" src=\"http:\/\/karin.stampis.com\/blog\/wp-content\/uploads\/2025\/09\/20250724_154334608.jpg\" alt=\"\" class=\"wp-image-32633\"\/><\/figure>\n\n\n\n<p>Gulliga!<\/p>\n\n\n\n<figure class=\"wp-block-image size-large\"><img loading=\"lazy\" decoding=\"async\" width=\"2000\" height=\"1500\" src=\"http:\/\/karin.stampis.com\/blog\/wp-content\/uploads\/2025\/08\/20250724_154935001.jpg\" alt=\"\" class=\"wp-image-32611\"\/><\/figure>\n\n\n\n<p>Gungar!<\/p>\n\n\n\n<figure class=\"wp-block-image size-large\"><img loading=\"lazy\" decoding=\"async\" width=\"2000\" height=\"1500\" src=\"http:\/\/karin.stampis.com\/blog\/wp-content\/uploads\/2025\/08\/20250724_155836897.jpg\" alt=\"\" class=\"wp-image-32612\"\/><\/figure>\n\n\n\n<p>Sen kom ett \u00d6SREGN.<\/p>\n\n\n\n<p>Vi skippade Prora p.g.a. att det regnade s\u00e5 mycket. Det var annars att minne jag hade sen jag var d\u00e4r, att Prora var J\u00c4TTEL\u00c5NGT. Nu s\u00e5g vi inte s\u00e5 mycket av Prora d\u00e4r vi k\u00f6rde, s\u00e5 jag fick ingen riktig uppfattning denna g\u00e5ngen.<\/p>\n\n\n\n<figure class=\"wp-block-image size-large\"><img loading=\"lazy\" decoding=\"async\" width=\"2000\" height=\"1500\" src=\"http:\/\/karin.stampis.com\/blog\/wp-content\/uploads\/2025\/08\/20250724_170333894.jpg\" alt=\"\" class=\"wp-image-32614\"\/><\/figure>\n\n\n\n<p>P\u00e5 ub\u00e5ten i Sassnitz<\/p>\n\n\n\n<figure class=\"wp-block-image size-large\"><img loading=\"lazy\" decoding=\"async\" width=\"1499\" height=\"2000\" src=\"http:\/\/karin.stampis.com\/blog\/wp-content\/uploads\/2025\/08\/20250724_171408139.jpg\" alt=\"\" class=\"wp-image-32615\"\/><\/figure>\n\n\n\n<figure class=\"wp-block-image size-large\"><img loading=\"lazy\" decoding=\"async\" width=\"2000\" height=\"1500\" src=\"http:\/\/karin.stampis.com\/blog\/wp-content\/uploads\/2025\/08\/20250724_171437074.jpg\" alt=\"\" class=\"wp-image-32616\"\/><\/figure>\n\n\n\n<p><\/p>\n","protected":false},"excerpt":{"rendered":"<p>Tillbaks till Tysklandsresan (som nu var f\u00f6r 1.5 m\u00e5nad sen&#8230;). Efter att varit p\u00e5 Baumwipfelpfad s\u00e5 fortsatte vi v\u00e5r tur i R\u00fcgen genom att \u00e5ka till Binz. H\u00e4r var jag d\u00e5 1992, d\u00e5 jag var ett \u00e5r yngre \u00e4n Alfred &hellip; <a href=\"http:\/\/karin.stampis.com\/blog\/?p=32602\">Continue reading <span class=\"meta-nav\">&rarr;<\/span><\/a><\/p>\n","protected":false},"author":1,"featured_media":0,"comment_status":"open","ping_status":"open","sticky":false,"template":"","format":"standard","meta":{"footnotes":""},"categories":[552,561,145,564,563],"tags":[],"class_list":["post-32602","post","type-post","status-publish","format-standard","hentry","category-552","category-juli-2025","category-resebloggar","category-september-2025","category-tyskland-2025"],"_links":{"self":[{"href":"http:\/\/karin.stampis.com\/blog\/index.php?rest_route=\/wp\/v2\/posts\/32602","targetHints":{"allow":["GET"]}}],"collection":[{"href":"http:\/\/karin.stampis.com\/blog\/index.php?rest_route=\/wp\/v2\/posts"}],"about":[{"href":"http:\/\/karin.stampis.com\/blog\/index.php?rest_route=\/wp\/v2\/types\/post"}],"author":[{"embeddable":true,"href":"http:\/\/karin.stampis.com\/blog\/index.php?rest_route=\/wp\/v2\/users\/1"}],"replies":[{"embeddable":true,"href":"http:\/\/karin.stampis.com\/blog\/index.php?rest_route=%2Fwp%2Fv2%2Fcomments&post=32602"}],"version-history":[{"count":3,"href":"http:\/\/karin.stampis.com\/blog\/index.php?rest_route=\/wp\/v2\/posts\/32602\/revisions"}],"predecessor-version":[{"id":32634,"href":"http:\/\/karin.stampis.com\/blog\/index.php?rest_route=\/wp\/v2\/posts\/32602\/revisions\/32634"}],"wp:attachment":[{"href":"http:\/\/karin.stampis.com\/blog\/index.php?rest_route=%2Fwp%2Fv2%2Fmedia&parent=32602"}],"wp:term":[{"taxonomy":"category","embeddable":true,"href":"http:\/\/karin.stampis.com\/blog\/index.php?rest_route=%2Fwp%2Fv2%2Fcategories&post=32602"},{"taxonomy":"post_tag","embeddable":true,"href":"http:\/\/karin.stampis.com\/blog\/index.php?rest_route=%2Fwp%2Fv2%2Ftags&post=32602"}],"curies":[{"name":"wp","href":"https:\/\/api.w.org\/{rel}","templated":true}]}}