{"id":32635,"date":"2025-09-12T18:40:33","date_gmt":"2025-09-12T17:40:33","guid":{"rendered":"http:\/\/karin.stampis.com\/blog\/?p=32635"},"modified":"2025-09-10T18:40:38","modified_gmt":"2025-09-10T17:40:38","slug":"medeltidstema-i-stralsund","status":"publish","type":"post","link":"http:\/\/karin.stampis.com\/blog\/?p=32635","title":{"rendered":"Medeltidstema i Stralsund"},"content":{"rendered":"\n<p>Det visade sig att det var festival i medeltidsanda d\u00e5 vi var i Stralsund, de s.k Wallersteintage, som firar h\u00e4ndelser 1628. Det var mycket folk i medeltidskl\u00e4der och matst\u00e5nd i det temat. Kul, tyckte tre av oss. Inte kul, tyckte Viktor.<\/p>\n\n\n\n<figure class=\"wp-block-image size-large\"><img loading=\"lazy\" decoding=\"async\" width=\"2000\" height=\"1500\" src=\"http:\/\/karin.stampis.com\/blog\/wp-content\/uploads\/2025\/09\/20250724_200241611.jpg\" alt=\"\" class=\"wp-image-32636\"\/><\/figure>\n\n\n\n<figure class=\"wp-block-image size-large\"><img loading=\"lazy\" decoding=\"async\" width=\"2000\" height=\"1500\" src=\"http:\/\/karin.stampis.com\/blog\/wp-content\/uploads\/2025\/09\/20250724_201349711.jpg\" alt=\"\" class=\"wp-image-32639\"\/><\/figure>\n\n\n\n<p>\u00c4ter gott k\u00f6tt!<\/p>\n\n\n\n<figure class=\"wp-block-image size-large\"><img loading=\"lazy\" decoding=\"async\" width=\"1500\" height=\"2000\" src=\"http:\/\/karin.stampis.com\/blog\/wp-content\/uploads\/2025\/09\/20250724_203808748.jpg\" alt=\"\" class=\"wp-image-32637\"\/><\/figure>\n\n\n\n<p>\u00c4ter Churros.<\/p>\n\n\n\n<p>Viktor var J\u00c4TTETR\u00d6TT. Men sen, p\u00e5 utkanten av allt medeltida, fanns n\u00e5got inte-s\u00e5-medeltida. OCh d\u00e5 f\u00f6rsvann tr\u00f6ttheten ; ) !<\/p>\n\n\n\n<figure class=\"wp-block-image size-large\"><img loading=\"lazy\" decoding=\"async\" width=\"2000\" height=\"1500\" src=\"http:\/\/karin.stampis.com\/blog\/wp-content\/uploads\/2025\/09\/20250724_210402570.jpg\" alt=\"\" class=\"wp-image-32642\"\/><\/figure>\n\n\n\n<figure class=\"wp-block-image size-large\"><img loading=\"lazy\" decoding=\"async\" width=\"2000\" height=\"1500\" src=\"http:\/\/karin.stampis.com\/blog\/wp-content\/uploads\/2025\/09\/20250724_212202515.jpg\" alt=\"\" class=\"wp-image-32640\"\/><\/figure>\n\n\n\n<figure class=\"wp-block-image size-large\"><img loading=\"lazy\" decoding=\"async\" width=\"2000\" height=\"1500\" src=\"http:\/\/karin.stampis.com\/blog\/wp-content\/uploads\/2025\/09\/20250724_215732352.jpg\" alt=\"\" class=\"wp-image-32641\"\/><\/figure>\n\n\n\n<figure class=\"wp-block-image size-large\"><img loading=\"lazy\" decoding=\"async\" width=\"1500\" height=\"2000\" src=\"http:\/\/karin.stampis.com\/blog\/wp-content\/uploads\/2025\/09\/20250724_215758716.jpg\" alt=\"\" class=\"wp-image-32638\"\/><\/figure>\n","protected":false},"excerpt":{"rendered":"<p>Det visade sig att det var festival i medeltidsanda d\u00e5 vi var i Stralsund, de s.k Wallersteintage, som firar h\u00e4ndelser 1628. Det var mycket folk i medeltidskl\u00e4der och matst\u00e5nd i det temat. Kul, tyckte tre av oss. Inte kul, tyckte &hellip; <a href=\"http:\/\/karin.stampis.com\/blog\/?p=32635\">Continue reading <span class=\"meta-nav\">&rarr;<\/span><\/a><\/p>\n","protected":false},"author":1,"featured_media":0,"comment_status":"open","ping_status":"open","sticky":false,"template":"","format":"standard","meta":{"footnotes":""},"categories":[552,561,145,564,563],"tags":[],"class_list":["post-32635","post","type-post","status-publish","format-standard","hentry","category-552","category-juli-2025","category-resebloggar","category-september-2025","category-tyskland-2025"],"_links":{"self":[{"href":"http:\/\/karin.stampis.com\/blog\/index.php?rest_route=\/wp\/v2\/posts\/32635","targetHints":{"allow":["GET"]}}],"collection":[{"href":"http:\/\/karin.stampis.com\/blog\/index.php?rest_route=\/wp\/v2\/posts"}],"about":[{"href":"http:\/\/karin.stampis.com\/blog\/index.php?rest_route=\/wp\/v2\/types\/post"}],"author":[{"embeddable":true,"href":"http:\/\/karin.stampis.com\/blog\/index.php?rest_route=\/wp\/v2\/users\/1"}],"replies":[{"embeddable":true,"href":"http:\/\/karin.stampis.com\/blog\/index.php?rest_route=%2Fwp%2Fv2%2Fcomments&post=32635"}],"version-history":[{"count":1,"href":"http:\/\/karin.stampis.com\/blog\/index.php?rest_route=\/wp\/v2\/posts\/32635\/revisions"}],"predecessor-version":[{"id":32643,"href":"http:\/\/karin.stampis.com\/blog\/index.php?rest_route=\/wp\/v2\/posts\/32635\/revisions\/32643"}],"wp:attachment":[{"href":"http:\/\/karin.stampis.com\/blog\/index.php?rest_route=%2Fwp%2Fv2%2Fmedia&parent=32635"}],"wp:term":[{"taxonomy":"category","embeddable":true,"href":"http:\/\/karin.stampis.com\/blog\/index.php?rest_route=%2Fwp%2Fv2%2Fcategories&post=32635"},{"taxonomy":"post_tag","embeddable":true,"href":"http:\/\/karin.stampis.com\/blog\/index.php?rest_route=%2Fwp%2Fv2%2Ftags&post=32635"}],"curies":[{"name":"wp","href":"https:\/\/api.w.org\/{rel}","templated":true}]}}