{"id":32646,"date":"2025-09-14T05:34:21","date_gmt":"2025-09-14T04:34:21","guid":{"rendered":"http:\/\/karin.stampis.com\/blog\/?p=32646"},"modified":"2025-09-13T05:38:45","modified_gmt":"2025-09-13T04:38:45","slug":"hallonplockning","status":"publish","type":"post","link":"http:\/\/karin.stampis.com\/blog\/?p=32646","title":{"rendered":"Hallonplockning och Dalby kyrka"},"content":{"rendered":"\n<p>I slutet av juli var Lena p\u00e5 bes\u00f6k (Lena sj\u00e4lv verkar inte ha fastnat p\u00e5 n\u00e5got foto dock). D\u00e5 k\u00f6rde vi den \u00e5rliga hallonplockningen. Mycket folk d\u00e4r som vanligt!<\/p>\n\n\n\n<figure class=\"wp-block-image size-large\"><img loading=\"lazy\" decoding=\"async\" width=\"1500\" height=\"2000\" src=\"http:\/\/karin.stampis.com\/blog\/wp-content\/uploads\/2025\/09\/20250727_133005313.jpg\" alt=\"\" class=\"wp-image-32650\"\/><\/figure>\n\n\n\n<p>Det \u00e4r lite sv\u00e5rt att f\u00e5 barnen att posera normalt&#8230;<\/p>\n\n\n\n<figure class=\"wp-block-image size-large\"><img loading=\"lazy\" decoding=\"async\" width=\"1500\" height=\"2000\" src=\"http:\/\/karin.stampis.com\/blog\/wp-content\/uploads\/2025\/09\/20250727_142217673.jpg\" alt=\"\" class=\"wp-image-32647\"\/><\/figure>\n\n\n\n<p>P\u00e5 kv\u00e4llen s\u00e5g Lena, Alfred och jag p\u00e5 &#8220;Min mormors miljoner&#8221;. JImmy satt vid sin dator (han blir s\u00e5 n\u00f6jd d\u00e5) och Viktor r\u00e4nde p\u00e5 bygden med cykel\/kickbike (han blir s\u00e5 n\u00f6jd d\u00e5).<\/p>\n\n\n\n<p>Dagen efter var vi i Dalby kyrka. Barnen var inte helt fokuserade. Lena ber\u00e4ttade om kyrkans arkitektur. D\u00e5 sa Alfred: &#8220;Titta vad m\u00e5nga tomma spritflaskor h\u00e4r ligger, n\u00e5gon m\u00e5ste haft fest&#8221; och d\u00e5 tappade b\u00e5da killar fokus&#8230;<\/p>\n\n\n\n<figure class=\"wp-block-image size-large\"><img loading=\"lazy\" decoding=\"async\" width=\"1500\" height=\"2000\" src=\"http:\/\/karin.stampis.com\/blog\/wp-content\/uploads\/2025\/09\/20250728_105724842.jpg\" alt=\"\" class=\"wp-image-32649\"\/><\/figure>\n\n\n\n<p>Alfred bioktade sig, och sa att Viktor fuskar med sk\u00e4rmtid. Jag trodde man skulle bikta sig sj\u00e4lv och inte andra, men men., OCh att Viktor fuskar med sk\u00e4rmtid var inget direkt nytt :p .<\/p>\n\n\n\n<figure class=\"wp-block-image size-large\"><img loading=\"lazy\" decoding=\"async\" width=\"1500\" height=\"2000\" src=\"http:\/\/karin.stampis.com\/blog\/wp-content\/uploads\/2025\/09\/20250728_110216167.jpg\" alt=\"\" class=\"wp-image-32648\"\/><\/figure>\n\n\n\n<p>Killarna visade sig inte riktigt fr\u00e5n sin b\u00e4sta sida i kyrkobes\u00f6ket, s\u00e5 jag l\u00e4mnade dom hemma med Jimmy sen och \u00e5kte till Lund med Lena, d\u00e4r vi \u00e5t lunch med en gammal kollega, och jag visade mitt nya kontor och vi vandrade i Kunskapsparken.<\/p>\n\n\n\n<p>Jag blev glad d\u00e5 jag kom hem och killarna lade Katamino (\u00e4ven om Viktor som synes har lite sv\u00e5rt att slita sig fr\u00e5n mobilen). <\/p>\n\n\n\n<figure class=\"wp-block-image size-full\"><img loading=\"lazy\" decoding=\"async\" width=\"2000\" height=\"1500\" src=\"http:\/\/karin.stampis.com\/blog\/wp-content\/uploads\/2025\/09\/20250728_170848240.jpg\" alt=\"\" class=\"wp-image-32653\"\/><\/figure>\n","protected":false},"excerpt":{"rendered":"<p>I slutet av juli var Lena p\u00e5 bes\u00f6k (Lena sj\u00e4lv verkar inte ha fastnat p\u00e5 n\u00e5got foto dock). D\u00e5 k\u00f6rde vi den \u00e5rliga hallonplockningen. Mycket folk d\u00e4r som vanligt! Det \u00e4r lite sv\u00e5rt att f\u00e5 barnen att posera normalt&#8230; P\u00e5 &hellip; <a href=\"http:\/\/karin.stampis.com\/blog\/?p=32646\">Continue reading <span class=\"meta-nav\">&rarr;<\/span><\/a><\/p>\n","protected":false},"author":1,"featured_media":0,"comment_status":"open","ping_status":"open","sticky":false,"template":"","format":"standard","meta":{"footnotes":""},"categories":[552,562,564],"tags":[],"class_list":["post-32646","post","type-post","status-publish","format-standard","hentry","category-552","category-augusti-2025","category-september-2025"],"_links":{"self":[{"href":"http:\/\/karin.stampis.com\/blog\/index.php?rest_route=\/wp\/v2\/posts\/32646","targetHints":{"allow":["GET"]}}],"collection":[{"href":"http:\/\/karin.stampis.com\/blog\/index.php?rest_route=\/wp\/v2\/posts"}],"about":[{"href":"http:\/\/karin.stampis.com\/blog\/index.php?rest_route=\/wp\/v2\/types\/post"}],"author":[{"embeddable":true,"href":"http:\/\/karin.stampis.com\/blog\/index.php?rest_route=\/wp\/v2\/users\/1"}],"replies":[{"embeddable":true,"href":"http:\/\/karin.stampis.com\/blog\/index.php?rest_route=%2Fwp%2Fv2%2Fcomments&post=32646"}],"version-history":[{"count":4,"href":"http:\/\/karin.stampis.com\/blog\/index.php?rest_route=\/wp\/v2\/posts\/32646\/revisions"}],"predecessor-version":[{"id":32655,"href":"http:\/\/karin.stampis.com\/blog\/index.php?rest_route=\/wp\/v2\/posts\/32646\/revisions\/32655"}],"wp:attachment":[{"href":"http:\/\/karin.stampis.com\/blog\/index.php?rest_route=%2Fwp%2Fv2%2Fmedia&parent=32646"}],"wp:term":[{"taxonomy":"category","embeddable":true,"href":"http:\/\/karin.stampis.com\/blog\/index.php?rest_route=%2Fwp%2Fv2%2Fcategories&post=32646"},{"taxonomy":"post_tag","embeddable":true,"href":"http:\/\/karin.stampis.com\/blog\/index.php?rest_route=%2Fwp%2Fv2%2Ftags&post=32646"}],"curies":[{"name":"wp","href":"https:\/\/api.w.org\/{rel}","templated":true}]}}