{"id":33280,"date":"2026-03-16T08:48:29","date_gmt":"2026-03-16T07:48:29","guid":{"rendered":"http:\/\/karin.stampis.com\/blog\/?p=33280"},"modified":"2026-03-14T08:48:34","modified_gmt":"2026-03-14T07:48:34","slug":"dags-att-aka-hem","status":"publish","type":"post","link":"http:\/\/karin.stampis.com\/blog\/?p=33280","title":{"rendered":"Dags att \u00e5ka hem"},"content":{"rendered":"\n<p>Allting roligt har ett slut. Efter en vecka s\u00e5 var det dags att \u00e5ka hem. <\/p>\n\n\n\n<figure class=\"wp-block-image size-large\"><img loading=\"lazy\" decoding=\"async\" width=\"500\" height=\"375\" src=\"http:\/\/karin.stampis.com\/blog\/wp-content\/uploads\/2026\/03\/20260221_082854475.png\" alt=\"\" class=\"wp-image-33281\" srcset=\"http:\/\/karin.stampis.com\/blog\/wp-content\/uploads\/2026\/03\/20260221_082854475.png 500w, http:\/\/karin.stampis.com\/blog\/wp-content\/uploads\/2026\/03\/20260221_082854475-360x270.png 360w\" sizes=\"auto, (max-width: 500px) 100vw, 500px\" \/><\/figure>\n\n\n\n<p>Sista frukosten<\/p>\n\n\n\n<figure class=\"wp-block-image size-large\"><img loading=\"lazy\" decoding=\"async\" width=\"375\" height=\"500\" src=\"http:\/\/karin.stampis.com\/blog\/wp-content\/uploads\/2026\/03\/20260221_105026009.png\" alt=\"\" class=\"wp-image-33282\" srcset=\"http:\/\/karin.stampis.com\/blog\/wp-content\/uploads\/2026\/03\/20260221_105026009.png 375w, http:\/\/karin.stampis.com\/blog\/wp-content\/uploads\/2026\/03\/20260221_105026009-270x360.png 270w\" sizes=\"auto, (max-width: 375px) 100vw, 375px\" \/><\/figure>\n\n\n\n<p>Sista drinken<\/p>\n\n\n\n<p>Vi kom hem till ett kallt och glashalt Sverige&#8230; Men v\u00e5ren var i alla fall i sikte! Och n\u00e4sta \u00e5rs sportlovsresa \u00e4r redan bokad &#8211; vi f\u00e5r hoppas att v\u00e4rlden st\u00e5r kvar d\u00e5&#8230;<\/p>\n\n\n\n<p><\/p>\n","protected":false},"excerpt":{"rendered":"<p>Allting roligt har ett slut. Efter en vecka s\u00e5 var det dags att \u00e5ka hem. Sista frukosten Sista drinken Vi kom hem till ett kallt och glashalt Sverige&#8230; Men v\u00e5ren var i alla fall i sikte! Och n\u00e4sta \u00e5rs sportlovsresa &hellip; <a href=\"http:\/\/karin.stampis.com\/blog\/?p=33280\">Continue reading <span class=\"meta-nav\">&rarr;<\/span><\/a><\/p>\n","protected":false},"author":1,"featured_media":0,"comment_status":"open","ping_status":"open","sticky":false,"template":"","format":"standard","meta":{"footnotes":""},"categories":[568,571,572,145,573],"tags":[],"class_list":["post-33280","post","type-post","status-publish","format-standard","hentry","category-568","category-februari-2026","category-mars-2026","category-resebloggar","category-teneriffa-2026"],"_links":{"self":[{"href":"http:\/\/karin.stampis.com\/blog\/index.php?rest_route=\/wp\/v2\/posts\/33280","targetHints":{"allow":["GET"]}}],"collection":[{"href":"http:\/\/karin.stampis.com\/blog\/index.php?rest_route=\/wp\/v2\/posts"}],"about":[{"href":"http:\/\/karin.stampis.com\/blog\/index.php?rest_route=\/wp\/v2\/types\/post"}],"author":[{"embeddable":true,"href":"http:\/\/karin.stampis.com\/blog\/index.php?rest_route=\/wp\/v2\/users\/1"}],"replies":[{"embeddable":true,"href":"http:\/\/karin.stampis.com\/blog\/index.php?rest_route=%2Fwp%2Fv2%2Fcomments&post=33280"}],"version-history":[{"count":1,"href":"http:\/\/karin.stampis.com\/blog\/index.php?rest_route=\/wp\/v2\/posts\/33280\/revisions"}],"predecessor-version":[{"id":33283,"href":"http:\/\/karin.stampis.com\/blog\/index.php?rest_route=\/wp\/v2\/posts\/33280\/revisions\/33283"}],"wp:attachment":[{"href":"http:\/\/karin.stampis.com\/blog\/index.php?rest_route=%2Fwp%2Fv2%2Fmedia&parent=33280"}],"wp:term":[{"taxonomy":"category","embeddable":true,"href":"http:\/\/karin.stampis.com\/blog\/index.php?rest_route=%2Fwp%2Fv2%2Fcategories&post=33280"},{"taxonomy":"post_tag","embeddable":true,"href":"http:\/\/karin.stampis.com\/blog\/index.php?rest_route=%2Fwp%2Fv2%2Ftags&post=33280"}],"curies":[{"name":"wp","href":"https:\/\/api.w.org\/{rel}","templated":true}]}}