{"id":33809,"date":"2026-08-31T07:50:35","date_gmt":"2026-08-31T06:50:35","guid":{"rendered":"http:\/\/karin.stampis.com\/blog\/?p=33809"},"modified":"2026-08-30T07:50:42","modified_gmt":"2026-08-30T06:50:42","slug":"en-av-de-sista-sommarlovsdagarna","status":"publish","type":"post","link":"http:\/\/karin.stampis.com\/blog\/?p=33809","title":{"rendered":"En av de sista sommarlovsdagarna"},"content":{"rendered":"\n<p>Jag jobbade hemma dagen efter Viktors f\u00f6delsedag (det blev sent med bion). Det var en varm dag. Alfred och jag gick en runda i Skrylle.<\/p>\n\n\n\n<figure class=\"wp-block-image size-large\"><img loading=\"lazy\" decoding=\"async\" width=\"375\" height=\"500\" src=\"http:\/\/karin.stampis.com\/blog\/wp-content\/uploads\/2026\/08\/20260814_143633602.png\" alt=\"\" class=\"wp-image-33811\" srcset=\"http:\/\/karin.stampis.com\/blog\/wp-content\/uploads\/2026\/08\/20260814_143633602.png 375w, http:\/\/karin.stampis.com\/blog\/wp-content\/uploads\/2026\/08\/20260814_143633602-270x360.png 270w\" sizes=\"auto, (max-width: 375px) 100vw, 375px\" \/><\/figure>\n\n\n\n<p>Hittade n\u00e5got enstaka hallon &#8211; mycket mumsigt.<\/p>\n\n\n\n<figure class=\"wp-block-image size-large\"><img loading=\"lazy\" decoding=\"async\" width=\"500\" height=\"375\" src=\"http:\/\/karin.stampis.com\/blog\/wp-content\/uploads\/2026\/08\/20260814_145919820.png\" alt=\"\" class=\"wp-image-33810\" srcset=\"http:\/\/karin.stampis.com\/blog\/wp-content\/uploads\/2026\/08\/20260814_145919820.png 500w, http:\/\/karin.stampis.com\/blog\/wp-content\/uploads\/2026\/08\/20260814_145919820-360x270.png 360w\" sizes=\"auto, (max-width: 500px) 100vw, 500px\" \/><\/figure>\n\n\n\n<p>Pryder lyktstolparna.<\/p>\n\n\n\n<figure class=\"wp-block-image size-large\"><img loading=\"lazy\" decoding=\"async\" width=\"500\" height=\"375\" src=\"http:\/\/karin.stampis.com\/blog\/wp-content\/uploads\/2026\/08\/20260814_151318489.png\" alt=\"\" class=\"wp-image-33812\" srcset=\"http:\/\/karin.stampis.com\/blog\/wp-content\/uploads\/2026\/08\/20260814_151318489.png 500w, http:\/\/karin.stampis.com\/blog\/wp-content\/uploads\/2026\/08\/20260814_151318489-360x270.png 360w\" sizes=\"auto, (max-width: 500px) 100vw, 500px\" \/><\/figure>\n\n\n\n<p>H\u00e4r var det ett MFF-klisterm\u00e4rke som fick tas \u00f6ver \ud83d\ude09<\/p>\n\n\n\n<figure class=\"wp-block-image size-large\"><img loading=\"lazy\" decoding=\"async\" width=\"500\" height=\"375\" src=\"http:\/\/karin.stampis.com\/blog\/wp-content\/uploads\/2026\/08\/20260814_154142199.png\" alt=\"\" class=\"wp-image-33813\" srcset=\"http:\/\/karin.stampis.com\/blog\/wp-content\/uploads\/2026\/08\/20260814_154142199.png 500w, http:\/\/karin.stampis.com\/blog\/wp-content\/uploads\/2026\/08\/20260814_154142199-360x270.png 360w\" sizes=\"auto, (max-width: 500px) 100vw, 500px\" \/><\/figure>\n\n\n\n<p>Efter det s\u00e5 \u00e5kte vi till Billebjer. Det var mycket folk (\u00e4ven om det inte ser ut som det p\u00e5 detta foto), men efter att ha k\u00f6rt en extra runda s\u00e5 blev en parkeringsplats ledig. Det var kallt men sk\u00f6nt i vattnet. Nu \u00e4r man ju helt invand p\u00e5 30 grader i vattnet&#8230;<\/p>\n","protected":false},"excerpt":{"rendered":"<p>Jag jobbade hemma dagen efter Viktors f\u00f6delsedag (det blev sent med bion). Det var en varm dag. Alfred och jag gick en runda i Skrylle. Hittade n\u00e5got enstaka hallon &#8211; mycket mumsigt. Pryder lyktstolparna. H\u00e4r var det ett MFF-klisterm\u00e4rke som &hellip; <a href=\"http:\/\/karin.stampis.com\/blog\/?p=33809\">Continue reading <span class=\"meta-nav\">&rarr;<\/span><\/a><\/p>\n","protected":false},"author":1,"featured_media":0,"comment_status":"open","ping_status":"open","sticky":false,"template":"","format":"standard","meta":{"footnotes":""},"categories":[568,579],"tags":[],"class_list":["post-33809","post","type-post","status-publish","format-standard","hentry","category-568","category-augusti-2026"],"_links":{"self":[{"href":"http:\/\/karin.stampis.com\/blog\/index.php?rest_route=\/wp\/v2\/posts\/33809","targetHints":{"allow":["GET"]}}],"collection":[{"href":"http:\/\/karin.stampis.com\/blog\/index.php?rest_route=\/wp\/v2\/posts"}],"about":[{"href":"http:\/\/karin.stampis.com\/blog\/index.php?rest_route=\/wp\/v2\/types\/post"}],"author":[{"embeddable":true,"href":"http:\/\/karin.stampis.com\/blog\/index.php?rest_route=\/wp\/v2\/users\/1"}],"replies":[{"embeddable":true,"href":"http:\/\/karin.stampis.com\/blog\/index.php?rest_route=%2Fwp%2Fv2%2Fcomments&post=33809"}],"version-history":[{"count":1,"href":"http:\/\/karin.stampis.com\/blog\/index.php?rest_route=\/wp\/v2\/posts\/33809\/revisions"}],"predecessor-version":[{"id":33814,"href":"http:\/\/karin.stampis.com\/blog\/index.php?rest_route=\/wp\/v2\/posts\/33809\/revisions\/33814"}],"wp:attachment":[{"href":"http:\/\/karin.stampis.com\/blog\/index.php?rest_route=%2Fwp%2Fv2%2Fmedia&parent=33809"}],"wp:term":[{"taxonomy":"category","embeddable":true,"href":"http:\/\/karin.stampis.com\/blog\/index.php?rest_route=%2Fwp%2Fv2%2Fcategories&post=33809"},{"taxonomy":"post_tag","embeddable":true,"href":"http:\/\/karin.stampis.com\/blog\/index.php?rest_route=%2Fwp%2Fv2%2Ftags&post=33809"}],"curies":[{"name":"wp","href":"https:\/\/api.w.org\/{rel}","templated":true}]}}