{"id":3455,"date":"2009-05-03T16:51:25","date_gmt":"2009-05-03T14:51:25","guid":{"rendered":"http:\/\/karin.stampis.com\/blog\/?p=3455"},"modified":"2009-05-03T16:51:25","modified_gmt":"2009-05-03T14:51:25","slug":"lantliv-2","status":"publish","type":"post","link":"http:\/\/karin.stampis.com\/blog\/?p=3455","title":{"rendered":"Lantliv 2"},"content":{"rendered":"<p>Underbart v\u00e4der h\u00e4r, ahhhh! \u00c4r sagt att det kommer bli s\u00e4mre v\u00e4der snart men sk\u00f6nt att ha g\u00f6tt v\u00e4der p\u00e5 l\u00e5ngweekenden! I l\u00f6rdags traskade vi runt \u00f6ver en mil i solen l\u00e4ngs kusten p\u00e5 Bj\u00e4rehalv\u00f6n. Fanns folk som var s\u00e5 modiga att de badade, d\u00e4r ingick dock inte jag.<\/p>\n<p><img loading=\"lazy\" decoding=\"async\" class=\"aligncenter size-medium wp-image-3456\" title=\"trad-11\" src=\"http:\/\/karin.stampis.com\/blog\/wp-content\/uploads\/2009\/05\/trad-11-360x240.jpg\" alt=\"trad-11\" width=\"360\" height=\"240\" srcset=\"http:\/\/karin.stampis.com\/blog\/wp-content\/uploads\/2009\/05\/trad-11-360x240.jpg 360w, http:\/\/karin.stampis.com\/blog\/wp-content\/uploads\/2009\/05\/trad-11.jpg 1000w\" sizes=\"auto, (max-width: 360px) 100vw, 360px\" \/><\/p>\n<p><img loading=\"lazy\" decoding=\"async\" class=\"aligncenter size-medium wp-image-3458\" title=\"korsbarstrad-1\" src=\"http:\/\/karin.stampis.com\/blog\/wp-content\/uploads\/2009\/05\/korsbarstrad-1-360x240.jpg\" alt=\"korsbarstrad-1\" width=\"360\" height=\"240\" srcset=\"http:\/\/karin.stampis.com\/blog\/wp-content\/uploads\/2009\/05\/korsbarstrad-1-360x240.jpg 360w, http:\/\/karin.stampis.com\/blog\/wp-content\/uploads\/2009\/05\/korsbarstrad-1.jpg 1000w\" sizes=\"auto, (max-width: 360px) 100vw, 360px\" \/><\/p>\n<p><img loading=\"lazy\" decoding=\"async\" class=\"aligncenter size-medium wp-image-3459\" title=\"vag-1\" src=\"http:\/\/karin.stampis.com\/blog\/wp-content\/uploads\/2009\/05\/vag-1-360x240.jpg\" alt=\"vag-1\" width=\"360\" height=\"240\" srcset=\"http:\/\/karin.stampis.com\/blog\/wp-content\/uploads\/2009\/05\/vag-1-360x240.jpg 360w, http:\/\/karin.stampis.com\/blog\/wp-content\/uploads\/2009\/05\/vag-1.jpg 1000w\" sizes=\"auto, (max-width: 360px) 100vw, 360px\" \/><\/p>\n<p>Solbadande lamm. Alla satt med huvudet mot solen och v\u00e4nde sig inte om mot kameran trots mitt idoga b\u00e4\u00e4\u00e4-ande.<\/p>\n<p><img loading=\"lazy\" decoding=\"async\" class=\"aligncenter size-medium wp-image-3460\" title=\"lamm-1\" src=\"http:\/\/karin.stampis.com\/blog\/wp-content\/uploads\/2009\/05\/lamm-1-360x245.jpg\" alt=\"lamm-1\" width=\"360\" height=\"245\" srcset=\"http:\/\/karin.stampis.com\/blog\/wp-content\/uploads\/2009\/05\/lamm-1-360x245.jpg 360w, http:\/\/karin.stampis.com\/blog\/wp-content\/uploads\/2009\/05\/lamm-1.jpg 1000w\" sizes=\"auto, (max-width: 360px) 100vw, 360px\" \/><\/p>\n<p>Senare kom det dock lamm som var mer villiga att posa.<\/p>\n<p><img loading=\"lazy\" decoding=\"async\" class=\"aligncenter size-medium wp-image-3465\" title=\"dsc00213\" src=\"http:\/\/karin.stampis.com\/blog\/wp-content\/uploads\/2009\/05\/dsc00213-360x270.jpg\" alt=\"dsc00213\" width=\"360\" height=\"270\" srcset=\"http:\/\/karin.stampis.com\/blog\/wp-content\/uploads\/2009\/05\/dsc00213-360x270.jpg 360w, http:\/\/karin.stampis.com\/blog\/wp-content\/uploads\/2009\/05\/dsc00213-1024x768.jpg 1024w\" sizes=\"auto, (max-width: 360px) 100vw, 360px\" \/><\/p>\n<p>Kossor. S\u00e5g \u00e4ven en massa fina hundar (collie, berner sennen, vit sch\u00e4fer, &#8220;vanlig&#8221; sch\u00e4fer &#8211; alla \u00e4r p\u00e5 min topplista).<\/p>\n<p><img loading=\"lazy\" decoding=\"async\" class=\"aligncenter size-medium wp-image-3461\" title=\"ko-1\" src=\"http:\/\/karin.stampis.com\/blog\/wp-content\/uploads\/2009\/05\/ko-1-360x200.jpg\" alt=\"ko-1\" width=\"360\" height=\"200\" srcset=\"http:\/\/karin.stampis.com\/blog\/wp-content\/uploads\/2009\/05\/ko-1-360x200.jpg 360w, http:\/\/karin.stampis.com\/blog\/wp-content\/uploads\/2009\/05\/ko-1.jpg 1000w\" sizes=\"auto, (max-width: 360px) 100vw, 360px\" \/><\/p>\n<p>Idag cyklade jag ner till Torekov kl. 8 och powerwalkade med Maria &#8211; hurtigt och bra. Halvmils promenix och \u00f6ver en mils cykling en s\u00f6ndagsmorgon, h\u00e4rligt!<\/p>\n<p>Sen var vi p\u00e5 g\u00e5rden och firade \u00e4ldsta kusinen som fyllde \u00e5r.<\/p>\n<p><img loading=\"lazy\" decoding=\"async\" class=\"aligncenter size-medium wp-image-3495\" title=\"var-4671\" src=\"http:\/\/karin.stampis.com\/blog\/wp-content\/uploads\/2009\/05\/var-4671-360x270.jpg\" alt=\"var-4671\" width=\"360\" height=\"270\" srcset=\"http:\/\/karin.stampis.com\/blog\/wp-content\/uploads\/2009\/05\/var-4671-360x270.jpg 360w, http:\/\/karin.stampis.com\/blog\/wp-content\/uploads\/2009\/05\/var-4671-1024x768.jpg 1024w\" sizes=\"auto, (max-width: 360px) 100vw, 360px\" \/><\/p>\n<p>Stilige Herr Oscar<\/p>\n<p><img loading=\"lazy\" decoding=\"async\" class=\"aligncenter size-medium wp-image-3497\" title=\"var-472\" src=\"http:\/\/karin.stampis.com\/blog\/wp-content\/uploads\/2009\/05\/var-472-360x270.jpg\" alt=\"var-472\" width=\"360\" height=\"270\" srcset=\"http:\/\/karin.stampis.com\/blog\/wp-content\/uploads\/2009\/05\/var-472-360x270.jpg 360w, http:\/\/karin.stampis.com\/blog\/wp-content\/uploads\/2009\/05\/var-472-1024x768.jpg 1024w\" sizes=\"auto, (max-width: 360px) 100vw, 360px\" \/><\/p>\n<p>Oscar ins\u00e5g vem han skulle g\u00e5 och kela med, n\u00e4mligen han som helst inte ville ha s\u00e4llskap :-p (kattallergisk, svarta byxor och \u00e4tandes t\u00e5rta\/drickandes kaffe).<\/p>\n<p><img loading=\"lazy\" decoding=\"async\" class=\"aligncenter size-medium wp-image-3499\" title=\"var-4611\" src=\"http:\/\/karin.stampis.com\/blog\/wp-content\/uploads\/2009\/05\/var-4611-270x360.jpg\" alt=\"var-4611\" width=\"270\" height=\"360\" srcset=\"http:\/\/karin.stampis.com\/blog\/wp-content\/uploads\/2009\/05\/var-4611-270x360.jpg 270w, http:\/\/karin.stampis.com\/blog\/wp-content\/uploads\/2009\/05\/var-4611-768x1024.jpg 768w\" sizes=\"auto, (max-width: 270px) 100vw, 270px\" \/><\/p>\n<p>Fina blommande \u00e4ppeltr\u00e4d.<\/p>\n<p><img loading=\"lazy\" decoding=\"async\" class=\"aligncenter size-medium wp-image-3501\" title=\"trad-13\" src=\"http:\/\/karin.stampis.com\/blog\/wp-content\/uploads\/2009\/05\/trad-13-360x270.jpg\" alt=\"trad-13\" width=\"360\" height=\"270\" srcset=\"http:\/\/karin.stampis.com\/blog\/wp-content\/uploads\/2009\/05\/trad-13-360x270.jpg 360w, http:\/\/karin.stampis.com\/blog\/wp-content\/uploads\/2009\/05\/trad-13.jpg 1000w\" sizes=\"auto, (max-width: 360px) 100vw, 360px\" \/><\/p>\n<p><img loading=\"lazy\" decoding=\"async\" class=\"aligncenter size-medium wp-image-3502\" title=\"trad2-1\" src=\"http:\/\/karin.stampis.com\/blog\/wp-content\/uploads\/2009\/05\/trad2-1-360x270.jpg\" alt=\"trad2-1\" width=\"360\" height=\"270\" srcset=\"http:\/\/karin.stampis.com\/blog\/wp-content\/uploads\/2009\/05\/trad2-1-360x270.jpg 360w, http:\/\/karin.stampis.com\/blog\/wp-content\/uploads\/2009\/05\/trad2-1.jpg 1000w\" sizes=\"auto, (max-width: 360px) 100vw, 360px\" \/><\/p>\n","protected":false},"excerpt":{"rendered":"<p>Underbart v\u00e4der h\u00e4r, ahhhh! \u00c4r sagt att det kommer bli s\u00e4mre v\u00e4der snart men sk\u00f6nt att ha g\u00f6tt v\u00e4der p\u00e5 l\u00e5ngweekenden! I l\u00f6rdags traskade vi runt \u00f6ver en mil i solen l\u00e4ngs kusten p\u00e5 Bj\u00e4rehalv\u00f6n. Fanns folk som var s\u00e5 &hellip; <a href=\"http:\/\/karin.stampis.com\/blog\/?p=3455\">Continue reading <span class=\"meta-nav\">&rarr;<\/span><\/a><\/p>\n","protected":false},"author":1,"featured_media":0,"comment_status":"open","ping_status":"open","sticky":false,"template":"","format":"standard","meta":{"footnotes":""},"categories":[199],"tags":[92],"class_list":["post-3455","post","type-post","status-publish","format-standard","hentry","category-maj-2009","tag-landet"],"_links":{"self":[{"href":"http:\/\/karin.stampis.com\/blog\/index.php?rest_route=\/wp\/v2\/posts\/3455","targetHints":{"allow":["GET"]}}],"collection":[{"href":"http:\/\/karin.stampis.com\/blog\/index.php?rest_route=\/wp\/v2\/posts"}],"about":[{"href":"http:\/\/karin.stampis.com\/blog\/index.php?rest_route=\/wp\/v2\/types\/post"}],"author":[{"embeddable":true,"href":"http:\/\/karin.stampis.com\/blog\/index.php?rest_route=\/wp\/v2\/users\/1"}],"replies":[{"embeddable":true,"href":"http:\/\/karin.stampis.com\/blog\/index.php?rest_route=%2Fwp%2Fv2%2Fcomments&post=3455"}],"version-history":[{"count":11,"href":"http:\/\/karin.stampis.com\/blog\/index.php?rest_route=\/wp\/v2\/posts\/3455\/revisions"}],"predecessor-version":[{"id":3507,"href":"http:\/\/karin.stampis.com\/blog\/index.php?rest_route=\/wp\/v2\/posts\/3455\/revisions\/3507"}],"wp:attachment":[{"href":"http:\/\/karin.stampis.com\/blog\/index.php?rest_route=%2Fwp%2Fv2%2Fmedia&parent=3455"}],"wp:term":[{"taxonomy":"category","embeddable":true,"href":"http:\/\/karin.stampis.com\/blog\/index.php?rest_route=%2Fwp%2Fv2%2Fcategories&post=3455"},{"taxonomy":"post_tag","embeddable":true,"href":"http:\/\/karin.stampis.com\/blog\/index.php?rest_route=%2Fwp%2Fv2%2Ftags&post=3455"}],"curies":[{"name":"wp","href":"https:\/\/api.w.org\/{rel}","templated":true}]}}