{"id":348,"date":"2008-11-07T23:19:33","date_gmt":"2008-11-07T21:19:33","guid":{"rendered":"http:\/\/karin.stampis.com\/blog\/?p=348"},"modified":"2009-01-11T20:57:44","modified_gmt":"2009-01-11T18:57:44","slug":"lite-bilder-fran-argentina","status":"publish","type":"post","link":"http:\/\/karin.stampis.com\/blog\/?p=348","title":{"rendered":"Lite bilder fr\u00e5n Argentina"},"content":{"rendered":"<p>Nu har vi b\u00f6rjat provtagandet p\u00e5 v\u00e5r exponerade by. Vi ska jobba mellan 8 och 20 s\u00e5 blir inte mkt internet\/mobilinternet, speciellt inte d\u00e5 vi \u00e4r 5 om en dator&#8230;men lite ska jag nog hinna. Idag var det inte s\u00e5 mycket folk att ta prover p\u00e5 eftersom vi egentligen skulle b\u00f6rja p\u00e5 m\u00e5ndag, men mina \u00f6verordnade ser till att jag inte sl\u00f6ar till med en massa artikelskrivande och jobbdiskussioner.<\/p>\n<p>Hann dock med att g\u00e5 en promenad upp i bergen innan det blev m\u00f6rkt! H\u00e4r \u00e4r lite bilder:<\/p>\n<p><a href=\"http:\/\/karin.stampis.com\/blog\/wp-content\/uploads\/2008\/11\/dsc00047.jpg\"><img loading=\"lazy\" decoding=\"async\" class=\"aligncenter size-medium wp-image-354\" title=\"dsc00047\" src=\"http:\/\/karin.stampis.com\/blog\/wp-content\/uploads\/2008\/11\/dsc00047-300x225.jpg\" alt=\"\" width=\"300\" height=\"225\" srcset=\"http:\/\/karin.stampis.com\/blog\/wp-content\/uploads\/2008\/11\/dsc00047-300x225.jpg 300w, http:\/\/karin.stampis.com\/blog\/wp-content\/uploads\/2008\/11\/dsc00047.jpg 640w\" sizes=\"auto, (max-width: 300px) 100vw, 300px\" \/><\/a><\/p>\n<p><a href=\"http:\/\/karin.stampis.com\/blog\/wp-content\/uploads\/2008\/11\/dsc00048.jpg\"><img loading=\"lazy\" decoding=\"async\" class=\"aligncenter size-medium wp-image-355\" title=\"dsc00048\" src=\"http:\/\/karin.stampis.com\/blog\/wp-content\/uploads\/2008\/11\/dsc00048-300x225.jpg\" alt=\"\" width=\"300\" height=\"225\" srcset=\"http:\/\/karin.stampis.com\/blog\/wp-content\/uploads\/2008\/11\/dsc00048-300x225.jpg 300w, http:\/\/karin.stampis.com\/blog\/wp-content\/uploads\/2008\/11\/dsc00048.jpg 640w\" sizes=\"auto, (max-width: 300px) 100vw, 300px\" \/><\/a><\/p>\n<p>En annan bild fr\u00e5n bilresan tidigare i veckan<\/p>\n<p><a href=\"http:\/\/karin.stampis.com\/blog\/wp-content\/uploads\/2008\/11\/dsc00043.jpg\"><img loading=\"lazy\" decoding=\"async\" class=\"aligncenter size-medium wp-image-356\" title=\"dsc00043\" src=\"http:\/\/karin.stampis.com\/blog\/wp-content\/uploads\/2008\/11\/dsc00043-300x225.jpg\" alt=\"\" width=\"300\" height=\"225\" srcset=\"http:\/\/karin.stampis.com\/blog\/wp-content\/uploads\/2008\/11\/dsc00043-300x225.jpg 300w, http:\/\/karin.stampis.com\/blog\/wp-content\/uploads\/2008\/11\/dsc00043.jpg 640w\" sizes=\"auto, (max-width: 300px) 100vw, 300px\" \/><\/a><\/p>\n<p>P\u00e5 gatorna g\u00e5r det omring hundar och getter, r\u00e4tt s\u00e5 mysigt tycker jag\u00a0\ud83d\ude42<\/p>\n<p><a href=\"http:\/\/karin.stampis.com\/blog\/wp-content\/uploads\/2008\/11\/dsc00014.jpg\"><img loading=\"lazy\" decoding=\"async\" class=\"aligncenter size-medium wp-image-353\" title=\"dsc00014\" src=\"http:\/\/karin.stampis.com\/blog\/wp-content\/uploads\/2008\/11\/dsc00014-300x225.jpg\" alt=\"\" width=\"300\" height=\"225\" srcset=\"http:\/\/karin.stampis.com\/blog\/wp-content\/uploads\/2008\/11\/dsc00014-300x225.jpg 300w, http:\/\/karin.stampis.com\/blog\/wp-content\/uploads\/2008\/11\/dsc00014.jpg 640w\" sizes=\"auto, (max-width: 300px) 100vw, 300px\" \/><\/a><\/p>\n<p>Dock har turisterna b\u00f6rjat hitta \u00e4nda ut hit &#8211; busslaster med pension\u00e4rer har anl\u00e4nt. De hade reportage om byn alldeles nyligen i Packat och klart s\u00e5 de satsar nog endel p\u00e5 turism. S\u00e5 p\u00e5 den st\u00f6rsta gatan kommer en massa m\u00e4nniskor och vill s\u00e4lja mig sm\u00e5 lamasouvenirer. Klart jag ska k\u00f6pa en (eller flera) lamasouvenir(er) sen! Lamor rular! Ska bara kolla vilka som \u00e4r finast f\u00f6rst. \u00c4r lite besviken f\u00f6r att jag har sett v\u00e4ldigt f\u00e5 lamor &#8211; de enda jag har sett har varit fr\u00e5n bilf\u00f6nstret. Men jag ger inte upp, kanske jag f\u00e5r krama en lama s\u00e5 sm\u00e5ningom.<\/p>\n","protected":false},"excerpt":{"rendered":"<p>Nu har vi b\u00f6rjat provtagandet p\u00e5 v\u00e5r exponerade by. Vi ska jobba mellan 8 och 20 s\u00e5 blir inte mkt internet\/mobilinternet, speciellt inte d\u00e5 vi \u00e4r 5 om en dator&#8230;men lite ska jag nog hinna. Idag var det inte s\u00e5 &hellip; <a href=\"http:\/\/karin.stampis.com\/blog\/?p=348\">Continue reading <span class=\"meta-nav\">&rarr;<\/span><\/a><\/p>\n","protected":false},"author":1,"featured_media":0,"comment_status":"open","ping_status":"open","sticky":false,"template":"","format":"standard","meta":{"footnotes":""},"categories":[64,147,65],"tags":[395,68,70],"class_list":["post-348","post","type-post","status-publish","format-standard","hentry","category-argentina2008","category-fotoblogg","category-november-2008","tag-argentina2008","tag-lama","tag-naturbilder"],"_links":{"self":[{"href":"http:\/\/karin.stampis.com\/blog\/index.php?rest_route=\/wp\/v2\/posts\/348","targetHints":{"allow":["GET"]}}],"collection":[{"href":"http:\/\/karin.stampis.com\/blog\/index.php?rest_route=\/wp\/v2\/posts"}],"about":[{"href":"http:\/\/karin.stampis.com\/blog\/index.php?rest_route=\/wp\/v2\/types\/post"}],"author":[{"embeddable":true,"href":"http:\/\/karin.stampis.com\/blog\/index.php?rest_route=\/wp\/v2\/users\/1"}],"replies":[{"embeddable":true,"href":"http:\/\/karin.stampis.com\/blog\/index.php?rest_route=%2Fwp%2Fv2%2Fcomments&post=348"}],"version-history":[{"count":4,"href":"http:\/\/karin.stampis.com\/blog\/index.php?rest_route=\/wp\/v2\/posts\/348\/revisions"}],"predecessor-version":[{"id":1249,"href":"http:\/\/karin.stampis.com\/blog\/index.php?rest_route=\/wp\/v2\/posts\/348\/revisions\/1249"}],"wp:attachment":[{"href":"http:\/\/karin.stampis.com\/blog\/index.php?rest_route=%2Fwp%2Fv2%2Fmedia&parent=348"}],"wp:term":[{"taxonomy":"category","embeddable":true,"href":"http:\/\/karin.stampis.com\/blog\/index.php?rest_route=%2Fwp%2Fv2%2Fcategories&post=348"},{"taxonomy":"post_tag","embeddable":true,"href":"http:\/\/karin.stampis.com\/blog\/index.php?rest_route=%2Fwp%2Fv2%2Ftags&post=348"}],"curies":[{"name":"wp","href":"https:\/\/api.w.org\/{rel}","templated":true}]}}