{"id":3645,"date":"2009-05-18T18:57:32","date_gmt":"2009-05-18T16:57:32","guid":{"rendered":"http:\/\/karin.stampis.com\/blog\/?p=3645"},"modified":"2009-05-18T18:57:32","modified_gmt":"2009-05-18T16:57:32","slug":"mandagsmorgon","status":"publish","type":"post","link":"http:\/\/karin.stampis.com\/blog\/?p=3645","title":{"rendered":"M\u00e5ndagsmorgon"},"content":{"rendered":"<p>Trevlig start p\u00e5 m\u00e5ndagsmorgonen med en supers\u00f6t valp p\u00e5 min valpkalender \ud83d\ude42 .<\/p>\n<p>S\u00e5 fick man lite dr\u00f6mmande innan man kastades tillbaka till verkligheten med insikten att man har mycket att g\u00f6ra p\u00e5 jobbet och snart kommer f\u00e5 \u00e4nnu mer att g\u00f6ra&#8230;<\/p>\n<p>Men det mesta f\u00e5r man dock g\u00f6ra en annan vecka d\u00e5 det inte \u00e4r hel jobbvecka nu, todelooo \ud83d\ude42 !!<\/p>\n<p><img loading=\"lazy\" decoding=\"async\" class=\"aligncenter size-medium wp-image-3644\" title=\"dsc00222\" src=\"http:\/\/karin.stampis.com\/blog\/wp-content\/uploads\/2009\/05\/dsc00222-360x270.jpg\" alt=\"dsc00222\" width=\"360\" height=\"270\" srcset=\"http:\/\/karin.stampis.com\/blog\/wp-content\/uploads\/2009\/05\/dsc00222-360x270.jpg 360w, http:\/\/karin.stampis.com\/blog\/wp-content\/uploads\/2009\/05\/dsc00222-1024x768.jpg 1024w\" sizes=\"auto, (max-width: 360px) 100vw, 360px\" \/><\/p>\n<p>\u00c4ven torsdagens bild var s\u00f6t \ud83d\ude42 .<\/p>\n<p><img loading=\"lazy\" decoding=\"async\" class=\"aligncenter size-medium wp-image-3646\" title=\"dsc00221\" src=\"http:\/\/karin.stampis.com\/blog\/wp-content\/uploads\/2009\/05\/dsc00221-360x270.jpg\" alt=\"dsc00221\" width=\"360\" height=\"270\" srcset=\"http:\/\/karin.stampis.com\/blog\/wp-content\/uploads\/2009\/05\/dsc00221-360x270.jpg 360w, http:\/\/karin.stampis.com\/blog\/wp-content\/uploads\/2009\/05\/dsc00221-1024x768.jpg 1024w\" sizes=\"auto, (max-width: 360px) 100vw, 360px\" \/><\/p>\n<p>Vovvar och valpar g\u00f6r mig alltid p\u00e5 bra hum\u00f6r &#8211; jag kommer bli helt odr\u00e4gligt munter d\u00e5 jag f\u00e5r min egen valp \ud83d\ude09 . Lite som Glader p\u00e5 Prozac \ud83d\ude09 , tro det eller ej&#8230;<\/p>\n<p><img loading=\"lazy\" decoding=\"async\" class=\"aligncenter size-full wp-image-3649\" title=\"glader\" src=\"http:\/\/karin.stampis.com\/blog\/wp-content\/uploads\/2009\/05\/glader.jpg\" alt=\"glader\" width=\"328\" height=\"357\" \/><\/p>\n","protected":false},"excerpt":{"rendered":"<p>Trevlig start p\u00e5 m\u00e5ndagsmorgonen med en supers\u00f6t valp p\u00e5 min valpkalender \ud83d\ude42 . S\u00e5 fick man lite dr\u00f6mmande innan man kastades tillbaka till verkligheten med insikten att man har mycket att g\u00f6ra p\u00e5 jobbet och snart kommer f\u00e5 \u00e4nnu mer &hellip; <a href=\"http:\/\/karin.stampis.com\/blog\/?p=3645\">Continue reading <span class=\"meta-nav\">&rarr;<\/span><\/a><\/p>\n","protected":false},"author":1,"featured_media":0,"comment_status":"open","ping_status":"open","sticky":false,"template":"","format":"standard","meta":{"footnotes":""},"categories":[199],"tags":[31,27],"class_list":["post-3645","post","type-post","status-publish","format-standard","hentry","category-maj-2009","tag-golden-retriever","tag-hund"],"_links":{"self":[{"href":"http:\/\/karin.stampis.com\/blog\/index.php?rest_route=\/wp\/v2\/posts\/3645","targetHints":{"allow":["GET"]}}],"collection":[{"href":"http:\/\/karin.stampis.com\/blog\/index.php?rest_route=\/wp\/v2\/posts"}],"about":[{"href":"http:\/\/karin.stampis.com\/blog\/index.php?rest_route=\/wp\/v2\/types\/post"}],"author":[{"embeddable":true,"href":"http:\/\/karin.stampis.com\/blog\/index.php?rest_route=\/wp\/v2\/users\/1"}],"replies":[{"embeddable":true,"href":"http:\/\/karin.stampis.com\/blog\/index.php?rest_route=%2Fwp%2Fv2%2Fcomments&post=3645"}],"version-history":[{"count":10,"href":"http:\/\/karin.stampis.com\/blog\/index.php?rest_route=\/wp\/v2\/posts\/3645\/revisions"}],"predecessor-version":[{"id":3657,"href":"http:\/\/karin.stampis.com\/blog\/index.php?rest_route=\/wp\/v2\/posts\/3645\/revisions\/3657"}],"wp:attachment":[{"href":"http:\/\/karin.stampis.com\/blog\/index.php?rest_route=%2Fwp%2Fv2%2Fmedia&parent=3645"}],"wp:term":[{"taxonomy":"category","embeddable":true,"href":"http:\/\/karin.stampis.com\/blog\/index.php?rest_route=%2Fwp%2Fv2%2Fcategories&post=3645"},{"taxonomy":"post_tag","embeddable":true,"href":"http:\/\/karin.stampis.com\/blog\/index.php?rest_route=%2Fwp%2Fv2%2Ftags&post=3645"}],"curies":[{"name":"wp","href":"https:\/\/api.w.org\/{rel}","templated":true}]}}