{"id":365,"date":"2008-11-09T18:25:41","date_gmt":"2008-11-09T16:25:41","guid":{"rendered":"http:\/\/karin.stampis.com\/blog\/?p=365"},"modified":"2008-11-18T12:46:38","modified_gmt":"2008-11-18T10:46:38","slug":"maten-i-argentina","status":"publish","type":"post","link":"http:\/\/karin.stampis.com\/blog\/?p=365","title":{"rendered":"Maten i Argentina"},"content":{"rendered":"<p>Maten i Argentina<\/p>\n<p>T\u00e4nkte ber\u00e4tta lite om maten i Argentina. Eller snarare uppe i Anderna &#8211; antar att den kanske skiljer sig lite ifr\u00e5n \u00f6vriga Argentina, d\u00e5 det kan finnas vissa logistikproblem som g\u00f6r att matutbudet inte \u00e4r s\u00e5 stort&#8230;<\/p>\n<p>Frukosten ar v\u00e4ldigt spartansk. Den best\u00e5r av rostat minifranskbr\u00f6d, motsvarande max 1 skiva vanligt franskbr\u00f6d. Till det sm\u00f6r och kolas\u00e5s (!). Plus en croissantliknande grej. Jag och s\u00f6ta saker p\u00e5 morgonen ar inte b\u00e4sta v\u00e4nner, men trycker i mig det for att inte sv\u00e4lta ihj\u00e4l&#8230;<br \/>\nTill detta f\u00e5r man f\u00e4rskpressad juice som dock ar v\u00e4ldigt gott! Plus kaffe &#8211; med arsenik i antar jag:-p.<br \/>\n<a href=\"http:\/\/karin.stampis.com\/blog\/wp-content\/uploads\/2008\/11\/dsc00051.jpg\"><img loading=\"lazy\" decoding=\"async\" class=\"aligncenter size-medium wp-image-369\" title=\"dsc00051\" src=\"http:\/\/karin.stampis.com\/blog\/wp-content\/uploads\/2008\/11\/dsc00051-300x225.jpg\" alt=\"\" width=\"300\" height=\"225\" srcset=\"http:\/\/karin.stampis.com\/blog\/wp-content\/uploads\/2008\/11\/dsc00051-300x225.jpg 300w, http:\/\/karin.stampis.com\/blog\/wp-content\/uploads\/2008\/11\/dsc00051.jpg 640w\" sizes=\"auto, (max-width: 300px) 100vw, 300px\" \/><\/a><\/p>\n<p>Till lunch\/middag finns det 4 r\u00e4tter att cirkulera mellan:<\/p>\n<p>1. K\u00f6ttbit<br \/>\n<a href=\"http:\/\/karin.stampis.com\/blog\/wp-content\/uploads\/2008\/11\/dsc000441.jpg\"><img loading=\"lazy\" decoding=\"async\" class=\"aligncenter size-medium wp-image-370\" title=\"dsc000441\" src=\"http:\/\/karin.stampis.com\/blog\/wp-content\/uploads\/2008\/11\/dsc000441-300x225.jpg\" alt=\"\" width=\"300\" height=\"225\" srcset=\"http:\/\/karin.stampis.com\/blog\/wp-content\/uploads\/2008\/11\/dsc000441-300x225.jpg 300w, http:\/\/karin.stampis.com\/blog\/wp-content\/uploads\/2008\/11\/dsc000441.jpg 640w\" sizes=\"auto, (max-width: 300px) 100vw, 300px\" \/><\/a><br \/>\n2. Kyckling<br \/>\n<a href=\"http:\/\/karin.stampis.com\/blog\/wp-content\/uploads\/2008\/11\/dsc000521.jpg\"><img loading=\"lazy\" decoding=\"async\" class=\"aligncenter size-medium wp-image-371\" title=\"dsc000521\" src=\"http:\/\/karin.stampis.com\/blog\/wp-content\/uploads\/2008\/11\/dsc000521-300x225.jpg\" alt=\"\" width=\"300\" height=\"225\" srcset=\"http:\/\/karin.stampis.com\/blog\/wp-content\/uploads\/2008\/11\/dsc000521-300x225.jpg 300w, http:\/\/karin.stampis.com\/blog\/wp-content\/uploads\/2008\/11\/dsc000521.jpg 640w\" sizes=\"auto, (max-width: 300px) 100vw, 300px\" \/><\/a><br \/>\n3. Tortilla (potatis och gr\u00f6nsaksomelett)<br \/>\n<a href=\"http:\/\/karin.stampis.com\/blog\/wp-content\/uploads\/2008\/11\/dsc000621.jpg\"><img loading=\"lazy\" decoding=\"async\" class=\"aligncenter size-medium wp-image-372\" title=\"dsc000621\" src=\"http:\/\/karin.stampis.com\/blog\/wp-content\/uploads\/2008\/11\/dsc000621-300x225.jpg\" alt=\"\" width=\"300\" height=\"225\" srcset=\"http:\/\/karin.stampis.com\/blog\/wp-content\/uploads\/2008\/11\/dsc000621-300x225.jpg 300w, http:\/\/karin.stampis.com\/blog\/wp-content\/uploads\/2008\/11\/dsc000621.jpg 640w\" sizes=\"auto, (max-width: 300px) 100vw, 300px\" \/><\/a><br \/>\n4.Empanadas (dock mer som f\u00f6rr\u00e4tt).<\/p>\n<p>Till detta f\u00e5r man v\u00e4lja mellan ris, pommes frites,sallad och potatismos. S\u00e5s finns det aldrig till.<\/p>\n<p>Jag b\u00f6rjar kunna detta ganska bra nu&#8230;.<br \/>\nD\u00e5 jag kommer hem ska jag \u00e4ta en bautafrukost med youghurt, m\u00fcssli, grovt br\u00f6d och p\u00e5l\u00e4gg!<br \/>\nMen man kan ju hoppas att denna ensidiga diet gor att man g\u00e5r ner lite i vikt!;-)<\/p>\n","protected":false},"excerpt":{"rendered":"<p>Maten i Argentina T\u00e4nkte ber\u00e4tta lite om maten i Argentina. Eller snarare uppe i Anderna &#8211; antar att den kanske skiljer sig lite ifr\u00e5n \u00f6vriga Argentina, d\u00e5 det kan finnas vissa logistikproblem som g\u00f6r att matutbudet inte \u00e4r s\u00e5 stort&#8230; &hellip; <a href=\"http:\/\/karin.stampis.com\/blog\/?p=365\">Continue reading <span class=\"meta-nav\">&rarr;<\/span><\/a><\/p>\n","protected":false},"author":1,"featured_media":0,"comment_status":"open","ping_status":"open","sticky":false,"template":"","format":"standard","meta":{"footnotes":""},"categories":[64,65],"tags":[71],"class_list":["post-365","post","type-post","status-publish","format-standard","hentry","category-argentina2008","category-november-2008","tag-mat"],"_links":{"self":[{"href":"http:\/\/karin.stampis.com\/blog\/index.php?rest_route=\/wp\/v2\/posts\/365","targetHints":{"allow":["GET"]}}],"collection":[{"href":"http:\/\/karin.stampis.com\/blog\/index.php?rest_route=\/wp\/v2\/posts"}],"about":[{"href":"http:\/\/karin.stampis.com\/blog\/index.php?rest_route=\/wp\/v2\/types\/post"}],"author":[{"embeddable":true,"href":"http:\/\/karin.stampis.com\/blog\/index.php?rest_route=\/wp\/v2\/users\/1"}],"replies":[{"embeddable":true,"href":"http:\/\/karin.stampis.com\/blog\/index.php?rest_route=%2Fwp%2Fv2%2Fcomments&post=365"}],"version-history":[{"count":6,"href":"http:\/\/karin.stampis.com\/blog\/index.php?rest_route=\/wp\/v2\/posts\/365\/revisions"}],"predecessor-version":[{"id":391,"href":"http:\/\/karin.stampis.com\/blog\/index.php?rest_route=\/wp\/v2\/posts\/365\/revisions\/391"}],"wp:attachment":[{"href":"http:\/\/karin.stampis.com\/blog\/index.php?rest_route=%2Fwp%2Fv2%2Fmedia&parent=365"}],"wp:term":[{"taxonomy":"category","embeddable":true,"href":"http:\/\/karin.stampis.com\/blog\/index.php?rest_route=%2Fwp%2Fv2%2Fcategories&post=365"},{"taxonomy":"post_tag","embeddable":true,"href":"http:\/\/karin.stampis.com\/blog\/index.php?rest_route=%2Fwp%2Fv2%2Ftags&post=365"}],"curies":[{"name":"wp","href":"https:\/\/api.w.org\/{rel}","templated":true}]}}