{"id":3669,"date":"2009-05-21T22:17:30","date_gmt":"2009-05-21T20:17:30","guid":{"rendered":"http:\/\/karin.stampis.com\/blog\/?p=3669"},"modified":"2009-05-21T22:39:07","modified_gmt":"2009-05-21T20:39:07","slug":"ledighet","status":"publish","type":"post","link":"http:\/\/karin.stampis.com\/blog\/?p=3669","title":{"rendered":"Ledighet"},"content":{"rendered":"<p>Mycket sk\u00f6nt med en l\u00e5nghelg \ud83d\ude42 .<\/p>\n<p>Har \u00e5kt upp p\u00e5 landet f\u00f6r rekreation. Idag gick vi en mil i mycket kuperad terr\u00e4ng (dock inte just d\u00e4r fotona \u00e4r tagna&#8230;) &#8211; kommer nog k\u00e4nnas i vaderna imorgon&#8230;<\/p>\n<p><img loading=\"lazy\" decoding=\"async\" class=\"aligncenter size-medium wp-image-3671\" title=\"vandra-1\" src=\"http:\/\/karin.stampis.com\/blog\/wp-content\/uploads\/2009\/05\/vandra-1-360x270.jpg\" alt=\"vandra-1\" width=\"360\" height=\"270\" srcset=\"http:\/\/karin.stampis.com\/blog\/wp-content\/uploads\/2009\/05\/vandra-1-360x270.jpg 360w, http:\/\/karin.stampis.com\/blog\/wp-content\/uploads\/2009\/05\/vandra-1.jpg 1000w\" sizes=\"auto, (max-width: 360px) 100vw, 360px\" \/><\/p>\n<p><img loading=\"lazy\" decoding=\"async\" class=\"aligncenter size-medium wp-image-3672\" title=\"vandra-1-2\" src=\"http:\/\/karin.stampis.com\/blog\/wp-content\/uploads\/2009\/05\/vandra-1-2-360x270.jpg\" alt=\"vandra-1-2\" width=\"360\" height=\"270\" srcset=\"http:\/\/karin.stampis.com\/blog\/wp-content\/uploads\/2009\/05\/vandra-1-2-360x270.jpg 360w, http:\/\/karin.stampis.com\/blog\/wp-content\/uploads\/2009\/05\/vandra-1-2.jpg 1000w\" sizes=\"auto, (max-width: 360px) 100vw, 360px\" \/><\/p>\n<p><img loading=\"lazy\" decoding=\"async\" class=\"aligncenter size-medium wp-image-3673\" title=\"vandra-1-3\" src=\"http:\/\/karin.stampis.com\/blog\/wp-content\/uploads\/2009\/05\/vandra-1-3-360x270.jpg\" alt=\"vandra-1-3\" width=\"360\" height=\"270\" srcset=\"http:\/\/karin.stampis.com\/blog\/wp-content\/uploads\/2009\/05\/vandra-1-3-360x270.jpg 360w, http:\/\/karin.stampis.com\/blog\/wp-content\/uploads\/2009\/05\/vandra-1-3.jpg 1000w\" sizes=\"auto, (max-width: 360px) 100vw, 360px\" \/><\/p>\n<p><img loading=\"lazy\" decoding=\"async\" class=\"aligncenter size-medium wp-image-3676\" title=\"vandra-1-4\" src=\"http:\/\/karin.stampis.com\/blog\/wp-content\/uploads\/2009\/05\/vandra-1-4-270x360.jpg\" alt=\"vandra-1-4\" width=\"270\" height=\"360\" srcset=\"http:\/\/karin.stampis.com\/blog\/wp-content\/uploads\/2009\/05\/vandra-1-4-270x360.jpg 270w, http:\/\/karin.stampis.com\/blog\/wp-content\/uploads\/2009\/05\/vandra-1-4.jpg 750w\" sizes=\"auto, (max-width: 270px) 100vw, 270px\" \/><\/p>\n<p>Imorgon h\u00e5ller jag tummarna f\u00f6r tv\u00e5 saker :<\/p>\n<p>1) Att mitt halsont som jag f\u00e5tt nu ikv\u00e4ll f\u00f6rsvinner och inte visar sig vara halsfluss\u00a0 \ud83d\ude41<\/p>\n<p>2) Att de som bor (n\u00e4stan) n\u00e4stg\u00e5rds ska vara hemma s\u00e5 jag kan \u00e5ka dit och titta p\u00e5 deras 11-veckor gamla blandisar (mix av bl.a. Golden).<\/p>\n","protected":false},"excerpt":{"rendered":"<p>Mycket sk\u00f6nt med en l\u00e5nghelg \ud83d\ude42 . Har \u00e5kt upp p\u00e5 landet f\u00f6r rekreation. Idag gick vi en mil i mycket kuperad terr\u00e4ng (dock inte just d\u00e4r fotona \u00e4r tagna&#8230;) &#8211; kommer nog k\u00e4nnas i vaderna imorgon&#8230; Imorgon h\u00e5ller jag &hellip; <a href=\"http:\/\/karin.stampis.com\/blog\/?p=3669\">Continue reading <span class=\"meta-nav\">&rarr;<\/span><\/a><\/p>\n","protected":false},"author":1,"featured_media":0,"comment_status":"open","ping_status":"open","sticky":false,"template":"","format":"standard","meta":{"footnotes":""},"categories":[199],"tags":[92,45],"class_list":["post-3669","post","type-post","status-publish","format-standard","hentry","category-maj-2009","tag-landet","tag-promenad"],"_links":{"self":[{"href":"http:\/\/karin.stampis.com\/blog\/index.php?rest_route=\/wp\/v2\/posts\/3669","targetHints":{"allow":["GET"]}}],"collection":[{"href":"http:\/\/karin.stampis.com\/blog\/index.php?rest_route=\/wp\/v2\/posts"}],"about":[{"href":"http:\/\/karin.stampis.com\/blog\/index.php?rest_route=\/wp\/v2\/types\/post"}],"author":[{"embeddable":true,"href":"http:\/\/karin.stampis.com\/blog\/index.php?rest_route=\/wp\/v2\/users\/1"}],"replies":[{"embeddable":true,"href":"http:\/\/karin.stampis.com\/blog\/index.php?rest_route=%2Fwp%2Fv2%2Fcomments&post=3669"}],"version-history":[{"count":11,"href":"http:\/\/karin.stampis.com\/blog\/index.php?rest_route=\/wp\/v2\/posts\/3669\/revisions"}],"predecessor-version":[{"id":3682,"href":"http:\/\/karin.stampis.com\/blog\/index.php?rest_route=\/wp\/v2\/posts\/3669\/revisions\/3682"}],"wp:attachment":[{"href":"http:\/\/karin.stampis.com\/blog\/index.php?rest_route=%2Fwp%2Fv2%2Fmedia&parent=3669"}],"wp:term":[{"taxonomy":"category","embeddable":true,"href":"http:\/\/karin.stampis.com\/blog\/index.php?rest_route=%2Fwp%2Fv2%2Fcategories&post=3669"},{"taxonomy":"post_tag","embeddable":true,"href":"http:\/\/karin.stampis.com\/blog\/index.php?rest_route=%2Fwp%2Fv2%2Ftags&post=3669"}],"curies":[{"name":"wp","href":"https:\/\/api.w.org\/{rel}","templated":true}]}}