{"id":3761,"date":"2009-05-28T18:42:53","date_gmt":"2009-05-28T16:42:53","guid":{"rendered":"http:\/\/karin.stampis.com\/blog\/?p=3761"},"modified":"2009-05-28T18:46:30","modified_gmt":"2009-05-28T16:46:30","slug":"torsdag","status":"publish","type":"post","link":"http:\/\/karin.stampis.com\/blog\/?p=3761","title":{"rendered":"Torsdag&#8230;"},"content":{"rendered":"<p>..och helg imorgon \ud83d\ude00 ! Mycket v\u00e4lbeh\u00f6vligt d\u00e5 jag varit tr\u00f6tt och haft huvudv\u00e4rk hela veckan &#8211; ser verkligen fram emot morgon(eftermid-)dagen.<\/p>\n<p><img loading=\"lazy\" decoding=\"async\" class=\"aligncenter size-full wp-image-3762\" title=\"dog_with_headache\" src=\"http:\/\/karin.stampis.com\/blog\/wp-content\/uploads\/2009\/05\/dog_with_headache.jpg\" alt=\"dog_with_headache\" width=\"350\" height=\"255\" \/><em>Formen denna veckan<\/em><\/p>\n<p>Slutade tidigt idag f\u00f6r att sticka hem och tv\u00e4tta. Vi har sista tv\u00e4ttiden kl.4 vilket \u00e4r ganska dumt &#8211; \u00e4ven om jag b\u00f6rjar jobba runt 7-tiden s\u00e5 k\u00e4nner man sig lite sl\u00f6 d\u00e5 man pyser innan 3 (det tar upp emot en timme hem nu eftersom det \u00e4r v\u00e4garbete p\u00e5 motorv\u00e4gen)&#8230;<\/p>\n<p>Efter att ha sl\u00e4ngt in tv\u00e4ttomg\u00e5ng 1 och k\u00e4kat var jag tr\u00f6\u00f6\u00f6\u00f6tt och ytterst n\u00e4ra att somna. T\u00e4nkte att det inte var en bra id\u00e9 att sova s\u00e5 tidigt p\u00e5 kv\u00e4llen s\u00e5 jag travade iv\u00e4g ca 100m och k\u00f6pte en islatte &#8211; d\u00e5 jag vanligtvis inte dricker kaffe s\u00e5 t\u00e4nkte jag att den borde speeda upp mig. Dumt nog kom jag inte p\u00e5 f\u00f6rr\u00e4n jag v\u00e4l kommit hem att jag kunde traska ytterligare 300m och k\u00f6pa lite handgjorda chokladpraliner till kaffet&#8230;(en sak som jag skulle sakna om man flyttar \u00e4r att bo s\u00e5 centralt, s\u00e5 sk\u00f6nt att ha s\u00e5 n\u00e4ra till allt, EspressoHouses islatte och handgjorda chokladpraliner betvivlar jag starkt att man har dom avst\u00e5nden till d\u00e5 man flyttar till hus&#8230;)<\/p>\n<p>S\u00e5 snart t\u00e4nkte jag sl\u00e5 mig ner i soffan och l\u00e4sa och softa lite. B\u00f6rjat p\u00e5 den h\u00e4r boken:<\/p>\n<p><img loading=\"lazy\" decoding=\"async\" class=\"aligncenter size-medium wp-image-3764\" title=\"maj2009-086\" src=\"http:\/\/karin.stampis.com\/blog\/wp-content\/uploads\/2009\/05\/maj2009-086-270x360.jpg\" alt=\"maj2009-086\" width=\"270\" height=\"360\" srcset=\"http:\/\/karin.stampis.com\/blog\/wp-content\/uploads\/2009\/05\/maj2009-086-270x360.jpg 270w, http:\/\/karin.stampis.com\/blog\/wp-content\/uploads\/2009\/05\/maj2009-086-768x1024.jpg 768w, http:\/\/karin.stampis.com\/blog\/wp-content\/uploads\/2009\/05\/maj2009-086.jpg 1368w\" sizes=\"auto, (max-width: 270px) 100vw, 270px\" \/><\/p>\n<p>Den verkar bra. Har l\u00e4st 2 och en halv bok av Maria Ernestam innan. <em>Busters \u00f6ron<\/em> var en annorlunda och fenomenalt bra bok. <em>Kleopatras kam<\/em> gillade jag ocks\u00e5 skarpt. <em>Caipirinha med d\u00f6den<\/em> tyckte jag dock var skr\u00e4p och l\u00e4ste bara halva. S\u00e5 nu ser jag fram emot att s\u00e4tta mig med bok och islatte d\u00e5 jag v\u00e4l har tagit hand om den h\u00e4r omg\u00e5ngen tv\u00e4tt.<\/p>\n","protected":false},"excerpt":{"rendered":"<p>..och helg imorgon \ud83d\ude00 ! Mycket v\u00e4lbeh\u00f6vligt d\u00e5 jag varit tr\u00f6tt och haft huvudv\u00e4rk hela veckan &#8211; ser verkligen fram emot morgon(eftermid-)dagen. Formen denna veckan Slutade tidigt idag f\u00f6r att sticka hem och tv\u00e4tta. Vi har sista tv\u00e4ttiden kl.4 vilket &hellip; <a href=\"http:\/\/karin.stampis.com\/blog\/?p=3761\">Continue reading <span class=\"meta-nav\">&rarr;<\/span><\/a><\/p>\n","protected":false},"author":1,"featured_media":0,"comment_status":"open","ping_status":"open","sticky":false,"template":"","format":"standard","meta":{"footnotes":""},"categories":[199],"tags":[118],"class_list":["post-3761","post","type-post","status-publish","format-standard","hentry","category-maj-2009","tag-bok"],"_links":{"self":[{"href":"http:\/\/karin.stampis.com\/blog\/index.php?rest_route=\/wp\/v2\/posts\/3761","targetHints":{"allow":["GET"]}}],"collection":[{"href":"http:\/\/karin.stampis.com\/blog\/index.php?rest_route=\/wp\/v2\/posts"}],"about":[{"href":"http:\/\/karin.stampis.com\/blog\/index.php?rest_route=\/wp\/v2\/types\/post"}],"author":[{"embeddable":true,"href":"http:\/\/karin.stampis.com\/blog\/index.php?rest_route=\/wp\/v2\/users\/1"}],"replies":[{"embeddable":true,"href":"http:\/\/karin.stampis.com\/blog\/index.php?rest_route=%2Fwp%2Fv2%2Fcomments&post=3761"}],"version-history":[{"count":6,"href":"http:\/\/karin.stampis.com\/blog\/index.php?rest_route=\/wp\/v2\/posts\/3761\/revisions"}],"predecessor-version":[{"id":3768,"href":"http:\/\/karin.stampis.com\/blog\/index.php?rest_route=\/wp\/v2\/posts\/3761\/revisions\/3768"}],"wp:attachment":[{"href":"http:\/\/karin.stampis.com\/blog\/index.php?rest_route=%2Fwp%2Fv2%2Fmedia&parent=3761"}],"wp:term":[{"taxonomy":"category","embeddable":true,"href":"http:\/\/karin.stampis.com\/blog\/index.php?rest_route=%2Fwp%2Fv2%2Fcategories&post=3761"},{"taxonomy":"post_tag","embeddable":true,"href":"http:\/\/karin.stampis.com\/blog\/index.php?rest_route=%2Fwp%2Fv2%2Ftags&post=3761"}],"curies":[{"name":"wp","href":"https:\/\/api.w.org\/{rel}","templated":true}]}}