{"id":3785,"date":"2009-05-30T16:29:31","date_gmt":"2009-05-30T14:29:31","guid":{"rendered":"http:\/\/karin.stampis.com\/blog\/?p=3785"},"modified":"2009-05-30T16:29:31","modified_gmt":"2009-05-30T14:29:31","slug":"glasspremiar","status":"publish","type":"post","link":"http:\/\/karin.stampis.com\/blog\/?p=3785","title":{"rendered":"Glasspremi\u00e4r"},"content":{"rendered":"<p>Idag var vi ute p\u00e5 en l\u00e5ngpromenad i det fina v\u00e4dret. F\u00f6rst gick vi om Triangeln och handlade lite grejor, och sen satte vi kosan mot Slotts\/Kungsparken. Dock r\u00e5kade vi passera <em>Lilla Glassfabriken<\/em> p\u00e5 v\u00e4gen dit. Jag var inte sugen p\u00e5 glass, men jag \u00e4r ju gift med en man som aldrig s\u00e4ger nej till en glass s\u00e5 det var bara att g\u00e5 in&#8230;<\/p>\n<p>V\u00e4l p\u00e5 plats gick det \u00e4nd\u00e5 inte riktigt att undvika att k\u00f6pa glass, s\u00e5 det blev <em>youghurt jordgubb<\/em> och <em>hallon\/lakrits<\/em>. Mycket gott, speciellt den f\u00f6rstn\u00e4mda. Tidigare somrar har vi sagt vi ska testa fram vilket glass-st\u00e4lle i Malm\u00f6 som \u00e4r b\u00e4st, men p.g.a. v\u00e4dret har inte denna unders\u00f6kning varit s\u00e5 omfattade. Kanske det blir ett nytt f\u00f6rs\u00f6k detta \u00e5ret. Enligt rykten ska det finnas gudomlig italiensk glass vid Drottningtorget,s\u00e5 det f\u00e5r bli n\u00e4sta glass-st\u00e4lle.<\/p>\n<p><img loading=\"lazy\" decoding=\"async\" class=\"aligncenter size-medium wp-image-3786\" title=\"651px-italian_ice_cream\" src=\"http:\/\/karin.stampis.com\/blog\/wp-content\/uploads\/2009\/05\/651px-italian_ice_cream-360x331.jpg\" alt=\"651px-italian_ice_cream\" width=\"360\" height=\"331\" srcset=\"http:\/\/karin.stampis.com\/blog\/wp-content\/uploads\/2009\/05\/651px-italian_ice_cream-360x331.jpg 360w, http:\/\/karin.stampis.com\/blog\/wp-content\/uploads\/2009\/05\/651px-italian_ice_cream.jpg 651w\" sizes=\"auto, (max-width: 360px) 100vw, 360px\" \/><em>Nam nam<\/em><\/p>\n","protected":false},"excerpt":{"rendered":"<p>Idag var vi ute p\u00e5 en l\u00e5ngpromenad i det fina v\u00e4dret. F\u00f6rst gick vi om Triangeln och handlade lite grejor, och sen satte vi kosan mot Slotts\/Kungsparken. Dock r\u00e5kade vi passera Lilla Glassfabriken p\u00e5 v\u00e4gen dit. Jag var inte sugen &hellip; <a href=\"http:\/\/karin.stampis.com\/blog\/?p=3785\">Continue reading <span class=\"meta-nav\">&rarr;<\/span><\/a><\/p>\n","protected":false},"author":1,"featured_media":0,"comment_status":"open","ping_status":"open","sticky":false,"template":"","format":"standard","meta":{"footnotes":""},"categories":[199],"tags":[179],"class_list":["post-3785","post","type-post","status-publish","format-standard","hentry","category-maj-2009","tag-glass"],"_links":{"self":[{"href":"http:\/\/karin.stampis.com\/blog\/index.php?rest_route=\/wp\/v2\/posts\/3785","targetHints":{"allow":["GET"]}}],"collection":[{"href":"http:\/\/karin.stampis.com\/blog\/index.php?rest_route=\/wp\/v2\/posts"}],"about":[{"href":"http:\/\/karin.stampis.com\/blog\/index.php?rest_route=\/wp\/v2\/types\/post"}],"author":[{"embeddable":true,"href":"http:\/\/karin.stampis.com\/blog\/index.php?rest_route=\/wp\/v2\/users\/1"}],"replies":[{"embeddable":true,"href":"http:\/\/karin.stampis.com\/blog\/index.php?rest_route=%2Fwp%2Fv2%2Fcomments&post=3785"}],"version-history":[{"count":5,"href":"http:\/\/karin.stampis.com\/blog\/index.php?rest_route=\/wp\/v2\/posts\/3785\/revisions"}],"predecessor-version":[{"id":3791,"href":"http:\/\/karin.stampis.com\/blog\/index.php?rest_route=\/wp\/v2\/posts\/3785\/revisions\/3791"}],"wp:attachment":[{"href":"http:\/\/karin.stampis.com\/blog\/index.php?rest_route=%2Fwp%2Fv2%2Fmedia&parent=3785"}],"wp:term":[{"taxonomy":"category","embeddable":true,"href":"http:\/\/karin.stampis.com\/blog\/index.php?rest_route=%2Fwp%2Fv2%2Fcategories&post=3785"},{"taxonomy":"post_tag","embeddable":true,"href":"http:\/\/karin.stampis.com\/blog\/index.php?rest_route=%2Fwp%2Fv2%2Ftags&post=3785"}],"curies":[{"name":"wp","href":"https:\/\/api.w.org\/{rel}","templated":true}]}}