{"id":4116,"date":"2009-06-20T09:56:48","date_gmt":"2009-06-20T07:56:48","guid":{"rendered":"http:\/\/karin.stampis.com\/blog\/?p=4116"},"modified":"2009-06-19T22:00:16","modified_gmt":"2009-06-19T20:00:16","slug":"midsommarafton","status":"publish","type":"post","link":"http:\/\/karin.stampis.com\/blog\/?p=4116","title":{"rendered":"Midsommarafton"},"content":{"rendered":"<p>Firade midsommar traditionsenligt p\u00e5 landet.<\/p>\n<p>\u00c4ven v\u00e4dret var traditionsenligt:<\/p>\n<p><a href=\"http:\/\/karin.stampis.com\/blog\/wp-content\/uploads\/2009\/06\/midsommar-1.jpg\"><img loading=\"lazy\" decoding=\"async\" class=\"aligncenter size-medium wp-image-4118\" title=\"midsommar-1\" src=\"http:\/\/karin.stampis.com\/blog\/wp-content\/uploads\/2009\/06\/midsommar-1-360x270.jpg\" alt=\"midsommar-1\" width=\"360\" height=\"270\" srcset=\"http:\/\/karin.stampis.com\/blog\/wp-content\/uploads\/2009\/06\/midsommar-1-360x270.jpg 360w, http:\/\/karin.stampis.com\/blog\/wp-content\/uploads\/2009\/06\/midsommar-1.jpg 1000w\" sizes=\"auto, (max-width: 360px) 100vw, 360px\" \/><\/a><\/p>\n<p><a href=\"http:\/\/karin.stampis.com\/blog\/wp-content\/uploads\/2009\/06\/midsommar-1-2.jpg\"><img loading=\"lazy\" decoding=\"async\" class=\"aligncenter size-medium wp-image-4119\" title=\"midsommar-1-2\" src=\"http:\/\/karin.stampis.com\/blog\/wp-content\/uploads\/2009\/06\/midsommar-1-2-360x270.jpg\" alt=\"midsommar-1-2\" width=\"360\" height=\"270\" srcset=\"http:\/\/karin.stampis.com\/blog\/wp-content\/uploads\/2009\/06\/midsommar-1-2-360x270.jpg 360w, http:\/\/karin.stampis.com\/blog\/wp-content\/uploads\/2009\/06\/midsommar-1-2.jpg 1000w\" sizes=\"auto, (max-width: 360px) 100vw, 360px\" \/><\/a><\/p>\n<p><em><a href=\"http:\/\/karin.stampis.com\/blog\/wp-content\/uploads\/2009\/06\/midsommar-1-5.jpg\"><img loading=\"lazy\" decoding=\"async\" class=\"aligncenter size-medium wp-image-4125\" title=\"midsommar-1-5\" src=\"http:\/\/karin.stampis.com\/blog\/wp-content\/uploads\/2009\/06\/midsommar-1-5-360x258.jpg\" alt=\"midsommar-1-5\" width=\"360\" height=\"258\" srcset=\"http:\/\/karin.stampis.com\/blog\/wp-content\/uploads\/2009\/06\/midsommar-1-5-360x258.jpg 360w, http:\/\/karin.stampis.com\/blog\/wp-content\/uploads\/2009\/06\/midsommar-1-5.jpg 1000w\" sizes=\"auto, (max-width: 360px) 100vw, 360px\" \/><\/a><br \/>\n<\/em><\/p>\n<p>K\u00e4kade mycket god mat, tillagad av fader min.<\/p>\n<p><a href=\"http:\/\/karin.stampis.com\/blog\/wp-content\/uploads\/2009\/06\/midsommar-1-31.jpg\"><img loading=\"lazy\" decoding=\"async\" class=\"aligncenter size-medium wp-image-4121\" title=\"midsommar-1-31\" src=\"http:\/\/karin.stampis.com\/blog\/wp-content\/uploads\/2009\/06\/midsommar-1-31-360x280.jpg\" alt=\"midsommar-1-31\" width=\"360\" height=\"280\" srcset=\"http:\/\/karin.stampis.com\/blog\/wp-content\/uploads\/2009\/06\/midsommar-1-31-360x280.jpg 360w, http:\/\/karin.stampis.com\/blog\/wp-content\/uploads\/2009\/06\/midsommar-1-31.jpg 1000w\" sizes=\"auto, (max-width: 360px) 100vw, 360px\" \/><\/a><\/p>\n<p>Och jordgubbar, mums mums.<\/p>\n<p><a href=\"http:\/\/karin.stampis.com\/blog\/wp-content\/uploads\/2009\/06\/midsommar-1-4.jpg\"><img loading=\"lazy\" decoding=\"async\" class=\"aligncenter size-medium wp-image-4122\" title=\"midsommar-1-4\" src=\"http:\/\/karin.stampis.com\/blog\/wp-content\/uploads\/2009\/06\/midsommar-1-4-360x267.jpg\" alt=\"midsommar-1-4\" width=\"360\" height=\"267\" srcset=\"http:\/\/karin.stampis.com\/blog\/wp-content\/uploads\/2009\/06\/midsommar-1-4-360x267.jpg 360w, http:\/\/karin.stampis.com\/blog\/wp-content\/uploads\/2009\/06\/midsommar-1-4.jpg 1000w\" sizes=\"auto, (max-width: 360px) 100vw, 360px\" \/><\/a><\/p>\n","protected":false},"excerpt":{"rendered":"<p>Firade midsommar traditionsenligt p\u00e5 landet. \u00c4ven v\u00e4dret var traditionsenligt: K\u00e4kade mycket god mat, tillagad av fader min. Och jordgubbar, mums mums.<\/p>\n","protected":false},"author":1,"featured_media":0,"comment_status":"open","ping_status":"open","sticky":false,"template":"","format":"standard","meta":{"footnotes":""},"categories":[205],"tags":[211],"class_list":["post-4116","post","type-post","status-publish","format-standard","hentry","category-juni-2009","tag-midsommar"],"_links":{"self":[{"href":"http:\/\/karin.stampis.com\/blog\/index.php?rest_route=\/wp\/v2\/posts\/4116","targetHints":{"allow":["GET"]}}],"collection":[{"href":"http:\/\/karin.stampis.com\/blog\/index.php?rest_route=\/wp\/v2\/posts"}],"about":[{"href":"http:\/\/karin.stampis.com\/blog\/index.php?rest_route=\/wp\/v2\/types\/post"}],"author":[{"embeddable":true,"href":"http:\/\/karin.stampis.com\/blog\/index.php?rest_route=\/wp\/v2\/users\/1"}],"replies":[{"embeddable":true,"href":"http:\/\/karin.stampis.com\/blog\/index.php?rest_route=%2Fwp%2Fv2%2Fcomments&post=4116"}],"version-history":[{"count":11,"href":"http:\/\/karin.stampis.com\/blog\/index.php?rest_route=\/wp\/v2\/posts\/4116\/revisions"}],"predecessor-version":[{"id":4132,"href":"http:\/\/karin.stampis.com\/blog\/index.php?rest_route=\/wp\/v2\/posts\/4116\/revisions\/4132"}],"wp:attachment":[{"href":"http:\/\/karin.stampis.com\/blog\/index.php?rest_route=%2Fwp%2Fv2%2Fmedia&parent=4116"}],"wp:term":[{"taxonomy":"category","embeddable":true,"href":"http:\/\/karin.stampis.com\/blog\/index.php?rest_route=%2Fwp%2Fv2%2Fcategories&post=4116"},{"taxonomy":"post_tag","embeddable":true,"href":"http:\/\/karin.stampis.com\/blog\/index.php?rest_route=%2Fwp%2Fv2%2Ftags&post=4116"}],"curies":[{"name":"wp","href":"https:\/\/api.w.org\/{rel}","templated":true}]}}