{"id":4147,"date":"2009-06-22T10:29:52","date_gmt":"2009-06-22T08:29:52","guid":{"rendered":"http:\/\/karin.stampis.com\/blog\/?p=4147"},"modified":"2009-06-22T10:29:52","modified_gmt":"2009-06-22T08:29:52","slug":"jaha","status":"publish","type":"post","link":"http:\/\/karin.stampis.com\/blog\/?p=4147","title":{"rendered":"Jaha&#8230;"},"content":{"rendered":"<p>Trots att v\u00e4dret var helt underbart p\u00e5 s\u00f6ndagen och m\u00e5ndagsmorgonen s\u00e5 var det tur vi inte tog en tidig semester efter midsommar. Jag har n\u00e4mligen lyckats f\u00e5 halsfluss, lagom timing tills d\u00e5 jag \u00e4ntligen skulle b\u00f6rja cykla igen efter f\u00f6rkylningar och resor, och tills min handledares sista jobbvecka d\u00e5 vi hade J\u00c4TTE-mycket som beh\u00f6vde g\u00e5s igenom&#8230;<\/p>\n<p>Och som vanligt \u00e4r ju sjukv\u00e5rden h\u00e4r nere i Sk\u00e5ne totalt \u00f6verbelamrad. Ringde f\u00f6rst ett antal g\u00e5nger mellan 8 och 9 och m\u00f6ttes av upptaget-ton utan att ens komma till v\u00e4xeln. D\u00e5 jag slutligen kom fram var det 50 minuter i v\u00e4xeln, och sen fick jag \u00e4nd\u00e5 ingen tid idag utan en tid imorgon p\u00e5 andra sidan stan. Bl\u00e4. Och jag m\u00e5r verkligen J\u00c4TTE-d\u00e5ligt, typ kan-inte-ta-mig-ur-s\u00e4ngen-d\u00e5ligt (jag har laptop).<\/p>\n<p>Blev mycket gn\u00e4ll h\u00e4r, men \u00e5 andra sidan handlar det ju om sk\u00e5nsk sjukv\u00e5rd s\u00e5 det \u00e4r inte s\u00e5 konstigt (inte s\u00e5 att folk g\u00f6r ett d\u00e5ligt jobb, men det finns ju p\u00e5 tok f\u00f6r lite resurser).<\/p>\n<p><a href=\"http:\/\/karin.stampis.com\/blog\/wp-content\/uploads\/2009\/06\/feber_31135322.jpg\"><img loading=\"lazy\" decoding=\"async\" class=\"aligncenter size-medium wp-image-4146\" title=\"feber_31135322\" src=\"http:\/\/karin.stampis.com\/blog\/wp-content\/uploads\/2009\/06\/feber_31135322-187x360.jpg\" alt=\"feber_31135322\" width=\"187\" height=\"360\" srcset=\"http:\/\/karin.stampis.com\/blog\/wp-content\/uploads\/2009\/06\/feber_31135322-187x360.jpg 187w, http:\/\/karin.stampis.com\/blog\/wp-content\/uploads\/2009\/06\/feber_31135322.jpg 400w\" sizes=\"auto, (max-width: 187px) 100vw, 187px\" \/><\/a><\/p>\n","protected":false},"excerpt":{"rendered":"<p>Trots att v\u00e4dret var helt underbart p\u00e5 s\u00f6ndagen och m\u00e5ndagsmorgonen s\u00e5 var det tur vi inte tog en tidig semester efter midsommar. Jag har n\u00e4mligen lyckats f\u00e5 halsfluss, lagom timing tills d\u00e5 jag \u00e4ntligen skulle b\u00f6rja cykla igen efter f\u00f6rkylningar &hellip; <a href=\"http:\/\/karin.stampis.com\/blog\/?p=4147\">Continue reading <span class=\"meta-nav\">&rarr;<\/span><\/a><\/p>\n","protected":false},"author":1,"featured_media":0,"comment_status":"open","ping_status":"open","sticky":false,"template":"","format":"standard","meta":{"footnotes":""},"categories":[146,205],"tags":[177],"class_list":["post-4147","post","type-post","status-publish","format-standard","hentry","category-146","category-juni-2009","tag-sjuk"],"_links":{"self":[{"href":"http:\/\/karin.stampis.com\/blog\/index.php?rest_route=\/wp\/v2\/posts\/4147","targetHints":{"allow":["GET"]}}],"collection":[{"href":"http:\/\/karin.stampis.com\/blog\/index.php?rest_route=\/wp\/v2\/posts"}],"about":[{"href":"http:\/\/karin.stampis.com\/blog\/index.php?rest_route=\/wp\/v2\/types\/post"}],"author":[{"embeddable":true,"href":"http:\/\/karin.stampis.com\/blog\/index.php?rest_route=\/wp\/v2\/users\/1"}],"replies":[{"embeddable":true,"href":"http:\/\/karin.stampis.com\/blog\/index.php?rest_route=%2Fwp%2Fv2%2Fcomments&post=4147"}],"version-history":[{"count":8,"href":"http:\/\/karin.stampis.com\/blog\/index.php?rest_route=\/wp\/v2\/posts\/4147\/revisions"}],"predecessor-version":[{"id":4155,"href":"http:\/\/karin.stampis.com\/blog\/index.php?rest_route=\/wp\/v2\/posts\/4147\/revisions\/4155"}],"wp:attachment":[{"href":"http:\/\/karin.stampis.com\/blog\/index.php?rest_route=%2Fwp%2Fv2%2Fmedia&parent=4147"}],"wp:term":[{"taxonomy":"category","embeddable":true,"href":"http:\/\/karin.stampis.com\/blog\/index.php?rest_route=%2Fwp%2Fv2%2Fcategories&post=4147"},{"taxonomy":"post_tag","embeddable":true,"href":"http:\/\/karin.stampis.com\/blog\/index.php?rest_route=%2Fwp%2Fv2%2Ftags&post=4147"}],"curies":[{"name":"wp","href":"https:\/\/api.w.org\/{rel}","templated":true}]}}