{"id":4448,"date":"2009-07-16T19:59:50","date_gmt":"2009-07-16T17:59:50","guid":{"rendered":"http:\/\/karin.stampis.com\/blog\/?p=4448"},"modified":"2009-07-16T19:59:50","modified_gmt":"2009-07-16T17:59:50","slug":"balkongkvall","status":"publish","type":"post","link":"http:\/\/karin.stampis.com\/blog\/?p=4448","title":{"rendered":"Balkongkv\u00e4ll"},"content":{"rendered":"<p>I tisdags tog vi \u00e4ntligen tag i balkongst\u00e4dningen &#8211; h\u00f6ll p\u00e5 till 9 &#8211; s\u00e5 nu kan man vistas d\u00e4r utan att drabbas av estetiskt illam\u00e5ende.<\/p>\n<p>Detta fick firas p\u00e5 onsdagen. Hade en h\u00e4rlig kv\u00e4ll p\u00e5 balkongen med fint v\u00e4der och en bl\u00e5 himmel med n\u00e5gra f\u00e5 moln d\u00e5 och d\u00e5.<\/p>\n<p>K\u00e4kade en god thai takeaway, med ett gott somrigt vin till. Enkelt med prisv\u00e4rt (g\u00e4ller f.\u00f6. alla Dunav\u00e1rs viner):<\/p>\n<p><img decoding=\"async\" id=\"ProductDetail1_ImageFlag\" style=\"height: 17px; width: 29px;\" src=\"http:\/\/systembolaget.se\/Images\/Ungern.gif\" border=\"0\" alt=\"Flagga\" align=\"absmiddle\" \/> <span>Dunav\u00e1r \t\t\t\t\t\t\t\t\t\t\t<span> Sauvignon Blanc Chardonnay 2008<\/span> (nr \t\t\t\t\t\t\t\t\t\t\t95119).<\/span><\/p>\n<p><span>H\u00e4r \u00e4r en del av balkongen. Har tagit ut v\u00e5ra inomhusblommor f\u00f6r nu, men blomk\u00f6p \u00e4r p\u00e5 tapeten!<br \/>\n<\/span><\/p>\n<p><span><a href=\"http:\/\/karin.stampis.com\/blog\/wp-content\/uploads\/2009\/07\/balkis-006.jpg\"><img loading=\"lazy\" decoding=\"async\" class=\"aligncenter size-medium wp-image-4449\" title=\"balkong\" src=\"http:\/\/karin.stampis.com\/blog\/wp-content\/uploads\/2009\/07\/balkis-006-360x270.jpg\" alt=\"balkong\" width=\"360\" height=\"270\" srcset=\"http:\/\/karin.stampis.com\/blog\/wp-content\/uploads\/2009\/07\/balkis-006-360x270.jpg 360w, http:\/\/karin.stampis.com\/blog\/wp-content\/uploads\/2009\/07\/balkis-006-1024x768.jpg 1024w, http:\/\/karin.stampis.com\/blog\/wp-content\/uploads\/2009\/07\/balkis-006.jpg 1824w\" sizes=\"auto, (max-width: 360px) 100vw, 360px\" \/><\/a><\/span><\/p>\n<p><span>H\u00e4rligt att kunna anv\u00e4nda sin balkong igen! Nu k\u00e4nns l\u00e4genheten mycket st\u00f6rre och trivsammare. Bra det d\u00e5 vi lagt ner det seri\u00f6sa husletandet f\u00f6r en stund &#8211; har ingen direkt husl\u00e4ngtan l\u00e4ngre och man m\u00e4rker hur extra sk\u00f6nt det \u00e4r med l\u00e4genhet mitt i stan d\u00e5 man bara kan kliva ut ur d\u00f6rren och k\u00f6pa takeaway \ud83d\ude09 .<br \/>\n<\/span><\/p>\n","protected":false},"excerpt":{"rendered":"<p>I tisdags tog vi \u00e4ntligen tag i balkongst\u00e4dningen &#8211; h\u00f6ll p\u00e5 till 9 &#8211; s\u00e5 nu kan man vistas d\u00e4r utan att drabbas av estetiskt illam\u00e5ende. Detta fick firas p\u00e5 onsdagen. Hade en h\u00e4rlig kv\u00e4ll p\u00e5 balkongen med fint v\u00e4der &hellip; <a href=\"http:\/\/karin.stampis.com\/blog\/?p=4448\">Continue reading <span class=\"meta-nav\">&rarr;<\/span><\/a><\/p>\n","protected":false},"author":1,"featured_media":0,"comment_status":"open","ping_status":"open","sticky":false,"template":"","format":"standard","meta":{"footnotes":""},"categories":[146,226],"tags":[],"class_list":["post-4448","post","type-post","status-publish","format-standard","hentry","category-146","category-juli-2009"],"_links":{"self":[{"href":"http:\/\/karin.stampis.com\/blog\/index.php?rest_route=\/wp\/v2\/posts\/4448","targetHints":{"allow":["GET"]}}],"collection":[{"href":"http:\/\/karin.stampis.com\/blog\/index.php?rest_route=\/wp\/v2\/posts"}],"about":[{"href":"http:\/\/karin.stampis.com\/blog\/index.php?rest_route=\/wp\/v2\/types\/post"}],"author":[{"embeddable":true,"href":"http:\/\/karin.stampis.com\/blog\/index.php?rest_route=\/wp\/v2\/users\/1"}],"replies":[{"embeddable":true,"href":"http:\/\/karin.stampis.com\/blog\/index.php?rest_route=%2Fwp%2Fv2%2Fcomments&post=4448"}],"version-history":[{"count":4,"href":"http:\/\/karin.stampis.com\/blog\/index.php?rest_route=\/wp\/v2\/posts\/4448\/revisions"}],"predecessor-version":[{"id":4453,"href":"http:\/\/karin.stampis.com\/blog\/index.php?rest_route=\/wp\/v2\/posts\/4448\/revisions\/4453"}],"wp:attachment":[{"href":"http:\/\/karin.stampis.com\/blog\/index.php?rest_route=%2Fwp%2Fv2%2Fmedia&parent=4448"}],"wp:term":[{"taxonomy":"category","embeddable":true,"href":"http:\/\/karin.stampis.com\/blog\/index.php?rest_route=%2Fwp%2Fv2%2Fcategories&post=4448"},{"taxonomy":"post_tag","embeddable":true,"href":"http:\/\/karin.stampis.com\/blog\/index.php?rest_route=%2Fwp%2Fv2%2Ftags&post=4448"}],"curies":[{"name":"wp","href":"https:\/\/api.w.org\/{rel}","templated":true}]}}