{"id":461,"date":"2008-11-18T14:29:11","date_gmt":"2008-11-18T12:29:11","guid":{"rendered":"http:\/\/karin.stampis.com\/blog\/?p=461"},"modified":"2009-01-11T20:56:12","modified_gmt":"2009-01-11T18:56:12","slug":"hemresan-mera-drama","status":"publish","type":"post","link":"http:\/\/karin.stampis.com\/blog\/?p=461","title":{"rendered":"Hemresan: Mera drama&#8230;"},"content":{"rendered":"<p>Provtagningen har g\u00e5tt kanonbra p\u00e5 denna resa. Vi har f\u00e5tt prover fr\u00e5n m\u00e5nga personer och vi har jobbat otroligt bra och effektivt i provinsamlandet (om jag f\u00e5r s\u00e4ga s\u00e5 sj\u00e4lv \ud83d\ude09 ).<br \/>\nMen summan av alla problem \u00e4r ju konstant (s\u00e5 talar en sann optimist \ud83d\ude09 ) s\u00e5 n\u00e5gonstans m\u00e5ste ju det finnas problem, eller hur?<br \/>\nJomenvisst, det var resandet som stod f\u00f6r de mesta problemen. F\u00f6rst, som jag tidigare n\u00e4mnt, s\u00e5 v\u00e4grade TNT hastigt och lustigt att transportera v\u00e5ra prover, n\u00e5got vi fick veta om n\u00e5gon dag innan hemresan (bu f\u00f6r dom!). S\u00e5 d\u00e5 ombokade vi hemresan till en dag tidigare, eftersom vi d\u00e5 beh\u00f6vde \u00e5ka hem snabbt f\u00f6r att v\u00e5ra prover inte skulle tina d\u00e5 vi sj\u00e4lva fick ta dom som bagage. Ombokningen gick dock bra, blev inte dyrare \u00e4n vad det hade blivit att bo en natt i Buenos Aires.<br \/>\nVi lyckades f\u00e5 lite drama redan i packningsfasen. F\u00f6rst visade det sig att n\u00e5gon l\u00e5st d\u00f6rren till rummet d\u00e4r vi hade alla prover (det var p\u00e5 en l\u00f6rdag, s\u00e5 var inte s\u00e5 l\u00e4tt att f\u00e5 tag i folk som kunde ha nyckeln). Sen fick vi v\u00e4nta ett tag tills chauff\u00f6ren d\u00f6k upp&#8230; Men det l\u00f6ste sig tillslut med nycklarna, fast vi blev n\u00e5got f\u00f6rsenade.<br \/>\nS\u00e5 vi l\u00e4mnade h\u00f6gh\u00f6jden och \u00e5kte 3000 m ner till Salta. Nu har jag redan skrivit en massa om l\u00e4skiga v\u00e4gar, s\u00e5 ska inte skriva f\u00f6r mycket om det nu, men det kan ju s\u00e4gas att v\u00e5r chauff\u00f6r verkade narkoleptisk (d.v.s. p\u00e5v\u00e4g att somna) n\u00e4r \u00e4n p\u00e5 dagen han k\u00f6rde&#8230;men Gabriela, den enda som kunde spanska, pratade med honom hela resan s\u00e5 han h\u00f6ll sig vaken. Men han k\u00f6rde v\u00e4ldigt snabbt nedf\u00f6r och kurvorna hade inte direkt n\u00e5gra marginaler om man s\u00e4ger s\u00e5..pust&#8230;Men det var v\u00e4ldigt fina landskap.<\/p>\n<p><a href=\"http:\/\/karin.stampis.com\/blog\/wp-content\/uploads\/2008\/11\/900.jpg\"><img loading=\"lazy\" decoding=\"async\" class=\"aligncenter size-medium wp-image-462\" title=\"900\" src=\"http:\/\/karin.stampis.com\/blog\/wp-content\/uploads\/2008\/11\/900-300x168.jpg\" alt=\"\" width=\"300\" height=\"168\" srcset=\"http:\/\/karin.stampis.com\/blog\/wp-content\/uploads\/2008\/11\/900-300x168.jpg 300w, http:\/\/karin.stampis.com\/blog\/wp-content\/uploads\/2008\/11\/900.jpg 1000w\" sizes=\"auto, (max-width: 300px) 100vw, 300px\" \/><\/a>Sen kom det regn och moln men det ger ju landskapet och fotona mer djup tycker jag.<\/p>\n<p><a href=\"http:\/\/karin.stampis.com\/blog\/wp-content\/uploads\/2008\/11\/914.jpg\"><img loading=\"lazy\" decoding=\"async\" class=\"aligncenter size-medium wp-image-463\" title=\"914\" src=\"http:\/\/karin.stampis.com\/blog\/wp-content\/uploads\/2008\/11\/914-300x139.jpg\" alt=\"\" width=\"300\" height=\"139\" srcset=\"http:\/\/karin.stampis.com\/blog\/wp-content\/uploads\/2008\/11\/914-300x139.jpg 300w, http:\/\/karin.stampis.com\/blog\/wp-content\/uploads\/2008\/11\/914.jpg 1000w\" sizes=\"auto, (max-width: 300px) 100vw, 300px\" \/><\/a><\/p>\n<p><a href=\"http:\/\/karin.stampis.com\/blog\/wp-content\/uploads\/2008\/11\/930.jpg\"><img loading=\"lazy\" decoding=\"async\" class=\"aligncenter size-medium wp-image-466\" title=\"930\" src=\"http:\/\/karin.stampis.com\/blog\/wp-content\/uploads\/2008\/11\/930-300x150.jpg\" alt=\"\" width=\"300\" height=\"150\" srcset=\"http:\/\/karin.stampis.com\/blog\/wp-content\/uploads\/2008\/11\/930-300x150.jpg 300w, http:\/\/karin.stampis.com\/blog\/wp-content\/uploads\/2008\/11\/930.jpg 1000w\" sizes=\"auto, (max-width: 300px) 100vw, 300px\" \/><\/a><\/p>\n<p>Bild fr\u00e5n Salta<\/p>\n<p><a href=\"http:\/\/karin.stampis.com\/blog\/wp-content\/uploads\/2008\/11\/932.jpg\"><img loading=\"lazy\" decoding=\"async\" class=\"aligncenter size-medium wp-image-465\" title=\"932\" src=\"http:\/\/karin.stampis.com\/blog\/wp-content\/uploads\/2008\/11\/932-132x300.jpg\" alt=\"\" width=\"132\" height=\"300\" srcset=\"http:\/\/karin.stampis.com\/blog\/wp-content\/uploads\/2008\/11\/932-132x300.jpg 132w, http:\/\/karin.stampis.com\/blog\/wp-content\/uploads\/2008\/11\/932.jpg 441w\" sizes=\"auto, (max-width: 132px) 100vw, 132px\" \/><\/a><\/p>\n<p>F\u00f6rst \u00e5kte vi en inrikesresa till Buenos Aires.<\/p>\n<p><a href=\"http:\/\/karin.stampis.com\/blog\/wp-content\/uploads\/2008\/11\/942.jpg\"><img loading=\"lazy\" decoding=\"async\" class=\"aligncenter size-medium wp-image-464\" title=\"942\" src=\"http:\/\/karin.stampis.com\/blog\/wp-content\/uploads\/2008\/11\/942-300x168.jpg\" alt=\"\" width=\"300\" height=\"168\" srcset=\"http:\/\/karin.stampis.com\/blog\/wp-content\/uploads\/2008\/11\/942-300x168.jpg 300w, http:\/\/karin.stampis.com\/blog\/wp-content\/uploads\/2008\/11\/942.jpg 1000w\" sizes=\"auto, (max-width: 300px) 100vw, 300px\" \/><\/a><\/p>\n<p>Efter det skulle vi \u00e5ka den l\u00e5nga str\u00e4ckan Buenos Aires-Paris. Taxichauff\u00f6ren fick l\u00e4mna av oss lite utanf\u00f6r Buenos Aires flygplats eftersom det stod ambulanser utanf\u00f6r. En anst\u00e4lld viskade n\u00e5got om en bomb. Men h\u00f6rde inget mer om det sen. Vi var ute i mycket god tid, men incheckningen gick v\u00e4ldigt l\u00e5ngsamt. Detta visade sig bero p\u00e5 att Air France var i strejk mellan den 14:e och 17:e (vi \u00e5kte den 16:e), n\u00e5got som mannen p\u00e5 resebolaget inte ber\u00e4ttat f\u00f6r oss d\u00e5 vi bokade om&#8230; S\u00e5 nu g\u00e4llde streken under hela v\u00e5r resa och inte under en str\u00e4cka som det annars hade varit. Men den h\u00e4r flygresan gick iallafall och n\u00e4sta resa skulle \u201dnog\u201d g\u00e5 ocks\u00e5. Vi trodde att flyget kunde bli r\u00e4tt mycket f\u00f6rsenat p.g.a. av de l\u00e5nga k\u00f6erna, s\u00e5 det fanns en risk att vi inte skulle hinna med bytet i Paris. Planet gick lite sent men fl\u00f6g dock in tiden.<br \/>\nPrecis innan boardingen fick jag den tvivelaktiga \u00e4ran att h\u00f6ra mitt namn i h\u00f6gtalarna tillsammans med min handledares namn. Vi blev informerade att polisen ville prata med oss. De hade r\u00f6ntgat v\u00e5ra incheckade v\u00e4skor och tyckte det s\u00e5g konstigt ut&#8230; D\u00e5 var vi glada att vi n\u00e5gon dag tidigare hade insett att det beh\u00f6vdes ordnas papper med tillst\u00e5nd som det \u00e4ven stod min handledares namn p\u00e5, och inte bara namnet p\u00e5 den enda i gruppen som kunde spanska, men som inte \u00e5kte med oss hem. S\u00e5 hon klarade av polisens fr\u00e5gor v\u00e4l och vi och v\u00e5rt bagage fick \u00e5ka med planet.<br \/>\nP\u00e5 den 12 timmar l\u00e5nga flygresan sov jag ingenting alls. Inte s\u00e5 skoj. Han se Sex and the City och Batman begins iallafall. Det fanns m\u00e5nga bra filmer men \u00f6vrig tid var jag s\u00e5 tr\u00f6tt att mina \u00f6gon inte kunde fokusera p\u00e5 tv-sk\u00e4rmen. Men inte kunde jag sova f\u00f6r det.<br \/>\nS\u00e5 d\u00e5 vi landade i Paris var jag lite zombiefierad och ville bara hem snabbt.<br \/>\nN\u00e4r det var dags f\u00f6r boarding fanns det ett flyg som v\u00e4ntade och bagaget stod utanf\u00f6r flyget, men ingen personal. Vi v\u00e4ntade och v\u00e4ntade och v\u00e4ntade, samtidigt som v\u00e4skorna stod utanf\u00f6r och isen v\u00e4l l\u00e5ngsamt sm\u00e4lte&#8230;fast det var ju lyckligtvis inte sommar i Paris. Boardingen sk\u00f6ts upp m\u00e5nga g\u00e5nger, var aningen f\u00f6rvirrat och de som jobbade sa att de letade efter personal som kunde vara med p\u00e5 flyget. Vi s\u00e5g fyra flygv\u00e4rdinnor g\u00e5 ur flyget och l\u00e4mna flygplatsen, och dr\u00f6jde l\u00e5ng tid tills vi s\u00e5g n\u00e5gon flygv\u00e4rdinna g\u00e5 in i flyget ist\u00e4llet. Vi b\u00f6rjade fundera lite p\u00e5 alternativa l\u00f6sningar \u2013 tror dock att alla andra flighter till K\u00f6penhamn den dagen var inst\u00e4llda. Men slutligen fick vi g\u00e5 p\u00e5 flyget, ett antal timmar f\u00f6rsenade och det lyfte! *Pust*. V\u00e4l p\u00e5 Kastrup kom v\u00e4skorna snabbt fram. En hade l\u00e4ckt, antagligen f\u00f6r att poliserna \u00f6ppnat den och sl\u00e4ppt in v\u00e4rme under en tid s\u00e5 isen tinat, men det var f\u00f6rhoppningsvis bara vatten som l\u00e4ckte och f\u00f6rhoppningsvis har proverna, som tyvv\u00e4r d\u00e5 hade t\u00f6at endel, klarat sig v\u00e4l \u00e4nd\u00e5.<br \/>\nMen sen kom jag (f\u00f6r ovanlighetens skull) snabbt och smidigt p\u00e5 ett \u00d6resundst\u00e5g och hann med lite kv\u00e4ll hemma!<\/p>\n","protected":false},"excerpt":{"rendered":"<p>Provtagningen har g\u00e5tt kanonbra p\u00e5 denna resa. Vi har f\u00e5tt prover fr\u00e5n m\u00e5nga personer och vi har jobbat otroligt bra och effektivt i provinsamlandet (om jag f\u00e5r s\u00e4ga s\u00e5 sj\u00e4lv \ud83d\ude09 ). Men summan av alla problem \u00e4r ju konstant &hellip; <a href=\"http:\/\/karin.stampis.com\/blog\/?p=461\">Continue reading <span class=\"meta-nav\">&rarr;<\/span><\/a><\/p>\n","protected":false},"author":1,"featured_media":0,"comment_status":"open","ping_status":"open","sticky":false,"template":"","format":"standard","meta":{"footnotes":""},"categories":[64,147,65],"tags":[73,75,70,77,76,67],"class_list":["post-461","post","type-post","status-publish","format-standard","hentry","category-argentina2008","category-fotoblogg","category-november-2008","tag-buenos-aires","tag-hemresa","tag-naturbilder","tag-paris","tag-resa","tag-serpentinvagar"],"_links":{"self":[{"href":"http:\/\/karin.stampis.com\/blog\/index.php?rest_route=\/wp\/v2\/posts\/461","targetHints":{"allow":["GET"]}}],"collection":[{"href":"http:\/\/karin.stampis.com\/blog\/index.php?rest_route=\/wp\/v2\/posts"}],"about":[{"href":"http:\/\/karin.stampis.com\/blog\/index.php?rest_route=\/wp\/v2\/types\/post"}],"author":[{"embeddable":true,"href":"http:\/\/karin.stampis.com\/blog\/index.php?rest_route=\/wp\/v2\/users\/1"}],"replies":[{"embeddable":true,"href":"http:\/\/karin.stampis.com\/blog\/index.php?rest_route=%2Fwp%2Fv2%2Fcomments&post=461"}],"version-history":[{"count":7,"href":"http:\/\/karin.stampis.com\/blog\/index.php?rest_route=\/wp\/v2\/posts\/461\/revisions"}],"predecessor-version":[{"id":477,"href":"http:\/\/karin.stampis.com\/blog\/index.php?rest_route=\/wp\/v2\/posts\/461\/revisions\/477"}],"wp:attachment":[{"href":"http:\/\/karin.stampis.com\/blog\/index.php?rest_route=%2Fwp%2Fv2%2Fmedia&parent=461"}],"wp:term":[{"taxonomy":"category","embeddable":true,"href":"http:\/\/karin.stampis.com\/blog\/index.php?rest_route=%2Fwp%2Fv2%2Fcategories&post=461"},{"taxonomy":"post_tag","embeddable":true,"href":"http:\/\/karin.stampis.com\/blog\/index.php?rest_route=%2Fwp%2Fv2%2Ftags&post=461"}],"curies":[{"name":"wp","href":"https:\/\/api.w.org\/{rel}","templated":true}]}}