{"id":4716,"date":"2009-08-09T09:37:33","date_gmt":"2009-08-09T08:37:33","guid":{"rendered":"http:\/\/karin.stampis.com\/blog\/?p=4716"},"modified":"2009-12-20T09:49:47","modified_gmt":"2009-12-20T08:49:47","slug":"cykelsemestern","status":"publish","type":"post","link":"http:\/\/karin.stampis.com\/blog\/?p=4716","title":{"rendered":"Cykelsemestern"},"content":{"rendered":"<p>Cykelsemestern var h\u00e4rlig! Kunde inte tajmat in b\u00e4ttre v\u00e4der. En liten resume:<\/p>\n<p><strong>Dag 1. Ystad &#8211; Baskem\u00f6lla. Ca 60 km.<\/strong><\/p>\n<p>Vackra omgivningar, speciellt str\u00e4ckan l\u00e4ngs kusten. Blev r\u00e4tt s\u00e5 l\u00e5ngt idag s\u00e5 det blev en tidig kv\u00e4ll.<\/p>\n<p><a href=\"http:\/\/karin.stampis.com\/blog\/wp-content\/uploads\/2009\/08\/cykelsemester2009-121.jpg\"><img loading=\"lazy\" decoding=\"async\" class=\"aligncenter size-medium wp-image-4729\" title=\"cykelsemester2009 121\" src=\"http:\/\/karin.stampis.com\/blog\/wp-content\/uploads\/2009\/08\/cykelsemester2009-121-360x270.jpg\" alt=\"cykelsemester2009 121\" width=\"360\" height=\"270\" srcset=\"http:\/\/karin.stampis.com\/blog\/wp-content\/uploads\/2009\/08\/cykelsemester2009-121-360x270.jpg 360w, http:\/\/karin.stampis.com\/blog\/wp-content\/uploads\/2009\/08\/cykelsemester2009-121-1024x768.jpg 1024w, http:\/\/karin.stampis.com\/blog\/wp-content\/uploads\/2009\/08\/cykelsemester2009-121.jpg 1824w\" sizes=\"auto, (max-width: 360px) 100vw, 360px\" \/><\/a><em>\u00c5t lunch p\u00e5 ett mysigt cafe. Kan ju hugga in p\u00e5 paj med gott samvete d\u00e5 man cyklar m\u00e5nga timmar var dag!<\/em><\/p>\n<p><em><br \/>\n<\/em><\/p>\n<p><a href=\"http:\/\/karin.stampis.com\/blog\/wp-content\/uploads\/2009\/08\/cykelsemester2009-124.jpg\"><img loading=\"lazy\" decoding=\"async\" class=\"aligncenter size-medium wp-image-4730\" title=\"cykelsemester2009 124\" src=\"http:\/\/karin.stampis.com\/blog\/wp-content\/uploads\/2009\/08\/cykelsemester2009-124-360x270.jpg\" alt=\"cykelsemester2009 124\" width=\"360\" height=\"270\" srcset=\"http:\/\/karin.stampis.com\/blog\/wp-content\/uploads\/2009\/08\/cykelsemester2009-124-360x270.jpg 360w, http:\/\/karin.stampis.com\/blog\/wp-content\/uploads\/2009\/08\/cykelsemester2009-124-1024x768.jpg 1024w, http:\/\/karin.stampis.com\/blog\/wp-content\/uploads\/2009\/08\/cykelsemester2009-124.jpg 1824w\" sizes=\"auto, (max-width: 360px) 100vw, 360px\" \/><\/a><em>Cafeet.<\/em><\/p>\n<p><em><br \/>\n<\/em><\/p>\n<p><a href=\"http:\/\/karin.stampis.com\/blog\/wp-content\/uploads\/2009\/08\/cykelsemester2009-132.jpg\"><img loading=\"lazy\" decoding=\"async\" class=\"aligncenter size-medium wp-image-4731\" title=\"cykelsemester2009 132\" src=\"http:\/\/karin.stampis.com\/blog\/wp-content\/uploads\/2009\/08\/cykelsemester2009-132-360x269.jpg\" alt=\"cykelsemester2009 132\" width=\"360\" height=\"269\" srcset=\"http:\/\/karin.stampis.com\/blog\/wp-content\/uploads\/2009\/08\/cykelsemester2009-132-360x269.jpg 360w, http:\/\/karin.stampis.com\/blog\/wp-content\/uploads\/2009\/08\/cykelsemester2009-132-1024x767.jpg 1024w, http:\/\/karin.stampis.com\/blog\/wp-content\/uploads\/2009\/08\/cykelsemester2009-132.jpg 1459w\" sizes=\"auto, (max-width: 360px) 100vw, 360px\" \/><\/a><em>\u00c5t middag h\u00e4r, gott och vacker gammeldags milj\u00f6.<br \/>\n<\/em><\/p>\n<p><em><br \/>\n<\/em><\/p>\n<p><em><a href=\"http:\/\/karin.stampis.com\/blog\/wp-content\/uploads\/2009\/08\/cykelsemester2009-151.jpg\"><img loading=\"lazy\" decoding=\"async\" class=\"aligncenter size-medium wp-image-4732\" title=\"cykelsemester2009 151\" src=\"http:\/\/karin.stampis.com\/blog\/wp-content\/uploads\/2009\/08\/cykelsemester2009-151-270x360.jpg\" alt=\"cykelsemester2009 151\" width=\"270\" height=\"360\" srcset=\"http:\/\/karin.stampis.com\/blog\/wp-content\/uploads\/2009\/08\/cykelsemester2009-151-270x360.jpg 270w, http:\/\/karin.stampis.com\/blog\/wp-content\/uploads\/2009\/08\/cykelsemester2009-151-768x1024.jpg 768w, http:\/\/karin.stampis.com\/blog\/wp-content\/uploads\/2009\/08\/cykelsemester2009-151.jpg 1368w\" sizes=\"auto, (max-width: 270px) 100vw, 270px\" \/><\/a>Satt p\u00e5 en pir r\u00e4tt l\u00e4nge och softade i den h\u00e4rliga kv\u00e4llssolen.<\/em><\/p>\n<p><em><br \/>\n<\/em><\/p>\n<p><strong>Dag 2. Baskem\u00f6lla &#8211; Br\u00f6sarp. Ca 30 km.<\/strong><\/p>\n<p>H\u00e4rliga omgivningar &#8211; och myyyycket backar!<\/p>\n<p><a href=\"http:\/\/karin.stampis.com\/blog\/wp-content\/uploads\/2009\/08\/K-1.jpg\"><img loading=\"lazy\" decoding=\"async\" class=\"aligncenter size-medium wp-image-4734\" title=\"K-1\" src=\"http:\/\/karin.stampis.com\/blog\/wp-content\/uploads\/2009\/08\/K-1-360x240.jpg\" alt=\"K-1\" width=\"360\" height=\"240\" srcset=\"http:\/\/karin.stampis.com\/blog\/wp-content\/uploads\/2009\/08\/K-1-360x240.jpg 360w, http:\/\/karin.stampis.com\/blog\/wp-content\/uploads\/2009\/08\/K-1.jpg 1000w\" sizes=\"auto, (max-width: 360px) 100vw, 360px\" \/><\/a><em>Kn\u00e4b\u00e4ckshusen.<\/em><\/p>\n<p><em><br \/>\n<\/em><\/p>\n<p><em><a href=\"http:\/\/karin.stampis.com\/blog\/wp-content\/uploads\/2009\/08\/B-1.jpg\"><img loading=\"lazy\" decoding=\"async\" class=\"aligncenter size-medium wp-image-4735\" title=\"B-1\" src=\"http:\/\/karin.stampis.com\/blog\/wp-content\/uploads\/2009\/08\/B-1-360x240.jpg\" alt=\"B-1\" width=\"360\" height=\"240\" srcset=\"http:\/\/karin.stampis.com\/blog\/wp-content\/uploads\/2009\/08\/B-1-360x240.jpg 360w, http:\/\/karin.stampis.com\/blog\/wp-content\/uploads\/2009\/08\/B-1.jpg 1000w\" sizes=\"auto, (max-width: 360px) 100vw, 360px\" \/><\/a>Backigt att cykla p\u00e5 Br\u00f6sarps backar&#8230;<\/em><\/p>\n<p><em><br \/>\n<\/em><\/p>\n<p><em><a href=\"http:\/\/karin.stampis.com\/blog\/wp-content\/uploads\/2009\/08\/DSC00094.JPG\"><img loading=\"lazy\" decoding=\"async\" class=\"aligncenter size-medium wp-image-4727\" title=\"DSC00094\" src=\"http:\/\/karin.stampis.com\/blog\/wp-content\/uploads\/2009\/08\/DSC00094-360x270.jpg\" alt=\"DSC00094\" width=\"360\" height=\"270\" srcset=\"http:\/\/karin.stampis.com\/blog\/wp-content\/uploads\/2009\/08\/DSC00094-360x270.jpg 360w, http:\/\/karin.stampis.com\/blog\/wp-content\/uploads\/2009\/08\/DSC00094-1024x768.jpg 1024w, http:\/\/karin.stampis.com\/blog\/wp-content\/uploads\/2009\/08\/DSC00094.JPG 1632w\" sizes=\"auto, (max-width: 360px) 100vw, 360px\" \/><\/a>Bubbel i det gr\u00f6na.<\/em><\/p>\n<p><em><br \/>\n<\/em><\/p>\n<p><em><a href=\"http:\/\/karin.stampis.com\/blog\/wp-content\/uploads\/2009\/08\/mat-1.jpg\"><img loading=\"lazy\" decoding=\"async\" class=\"aligncenter size-medium wp-image-4728\" title=\"mat-1\" src=\"http:\/\/karin.stampis.com\/blog\/wp-content\/uploads\/2009\/08\/mat-1-277x360.jpg\" alt=\"mat-1\" width=\"277\" height=\"360\" srcset=\"http:\/\/karin.stampis.com\/blog\/wp-content\/uploads\/2009\/08\/mat-1-277x360.jpg 277w, http:\/\/karin.stampis.com\/blog\/wp-content\/uploads\/2009\/08\/mat-1.jpg 771w\" sizes=\"auto, (max-width: 277px) 100vw, 277px\" \/><\/a>Mycket god 4-r\u00e4tters p\u00e5 Br\u00f6sarps g\u00e4stis.<\/em><\/p>\n<p><em><br \/>\n<\/em><\/p>\n<p><strong>Dag 3. Br\u00f6sarp &#8211; \u00c5hus. Ca 40 km.<\/strong><\/p>\n<p>Var i \u00c5hus en stund innan incheckningen s\u00e5 h\u00e4ngde lite p\u00e5 stranden. P\u00e5 kv\u00e4llen grillade vi hos Marcus, Rebecka, Felix och Twiggy. Mycket trevlig kv\u00e4ll. De hade ett s\u00e5 fint hus, nu blev vi hussugna igen&#8230;<\/p>\n<p><a href=\"http:\/\/karin.stampis.com\/blog\/wp-content\/uploads\/2009\/08\/DSC00115.JPG\"><img loading=\"lazy\" decoding=\"async\" class=\"aligncenter size-medium wp-image-4719\" title=\"DSC00115\" src=\"http:\/\/karin.stampis.com\/blog\/wp-content\/uploads\/2009\/08\/DSC00115-360x270.jpg\" alt=\"DSC00115\" width=\"360\" height=\"270\" srcset=\"http:\/\/karin.stampis.com\/blog\/wp-content\/uploads\/2009\/08\/DSC00115-360x270.jpg 360w, http:\/\/karin.stampis.com\/blog\/wp-content\/uploads\/2009\/08\/DSC00115-1024x768.jpg 1024w, http:\/\/karin.stampis.com\/blog\/wp-content\/uploads\/2009\/08\/DSC00115.JPG 1632w\" sizes=\"auto, (max-width: 360px) 100vw, 360px\" \/><\/a><em> <\/em><\/p>\n<p><em><a href=\"http:\/\/karin.stampis.com\/blog\/wp-content\/uploads\/2009\/08\/\u00c5hus-1.jpg\"><img loading=\"lazy\" decoding=\"async\" class=\"aligncenter size-full wp-image-4721\" title=\"\u00c5hus-1\" src=\"http:\/\/karin.stampis.com\/blog\/wp-content\/uploads\/2009\/08\/\u00c5hus-1.jpg\" alt=\"\u00c5hus-1\" width=\"1000\" height=\"121\" srcset=\"http:\/\/karin.stampis.com\/blog\/wp-content\/uploads\/2009\/08\/\u00c5hus-1.jpg 1000w, http:\/\/karin.stampis.com\/blog\/wp-content\/uploads\/2009\/08\/\u00c5hus-1-360x43.jpg 360w\" sizes=\"auto, (max-width: 1000px) 100vw, 1000px\" \/><\/a>Stora hus i \u00c5hus.<\/em><\/p>\n<p><em><a href=\"http:\/\/karin.stampis.com\/blog\/wp-content\/uploads\/2009\/08\/Twiggy-11.jpg\"><img loading=\"lazy\" decoding=\"async\" class=\"aligncenter size-medium wp-image-4724\" title=\"Twiggy-1\" src=\"http:\/\/karin.stampis.com\/blog\/wp-content\/uploads\/2009\/08\/Twiggy-11-293x360.jpg\" alt=\"Twiggy-1\" width=\"293\" height=\"360\" srcset=\"http:\/\/karin.stampis.com\/blog\/wp-content\/uploads\/2009\/08\/Twiggy-11-293x360.jpg 293w, http:\/\/karin.stampis.com\/blog\/wp-content\/uploads\/2009\/08\/Twiggy-11.jpg 815w\" sizes=\"auto, (max-width: 293px) 100vw, 293px\" \/><\/a> Twiggy. En j\u00e4ttesn\u00e4ll hund, av rasen Cane corso.<\/em><\/p>\n<p><em><br \/>\n<\/em><\/p>\n<p><strong>Dag 4. \u00c5hus &#8211; Kristianstad. Ca 20 km.<\/strong><\/p>\n<p>Vaknade p\u00e5 morgonen genomsvettig, med ont huvud och ont i halsen. Nej, det blev inte s\u00e5 m\u00e5nga \u00f6l dagen innan att det var motiverat, och jag har haft halsfluss s\u00e5 ofta att jag k\u00e4nner igen det. Plus jag hade ont i bih\u00e5lorna igen.<\/p>\n<p>Men det funkade bra att cykla \u00e4nd\u00e5, var en kort och l\u00e4tt tur till Kristianstad. Det jobbigaste var t\u00e5get hem, nu har jag tappat t\u00e5lamodet p\u00e5 Sk\u00e5netrafiken och dess boskapstransporter, alltid samma visa och nu var det \u00e4nd\u00e5 mitt p\u00e5 dagen en l\u00f6rdag, k\u00e4nns inte som peak time egentligen. Nu f\u00e5r det snart bli en bil&#8230;<\/p>\n<p><a href=\"http:\/\/karin.stampis.com\/blog\/wp-content\/uploads\/2009\/08\/t\u00e5g-1.jpg\"><img loading=\"lazy\" decoding=\"async\" class=\"aligncenter size-medium wp-image-4725\" title=\"t\u00e5g-1\" src=\"http:\/\/karin.stampis.com\/blog\/wp-content\/uploads\/2009\/08\/t\u00e5g-1-360x240.jpg\" alt=\"t\u00e5g-1\" width=\"360\" height=\"240\" srcset=\"http:\/\/karin.stampis.com\/blog\/wp-content\/uploads\/2009\/08\/t\u00e5g-1-360x240.jpg 360w, http:\/\/karin.stampis.com\/blog\/wp-content\/uploads\/2009\/08\/t\u00e5g-1.jpg 1000w\" sizes=\"auto, (max-width: 360px) 100vw, 360px\" \/><\/a><\/p>\n<p><em>Sk\u00e5netrafiken i ett n\u00f6tskal&#8230;.OK att tunnelbanor kan vara s\u00e5h\u00e4r korta str\u00e4ckor, men s\u00e5h\u00e4r var det hela str\u00e4ckan Kristiansstad &#8211; Malm\u00f6&#8230;<\/em><\/p>\n<p>Dessutom var det en mamma d\u00e4r som hade 4 barn, varav de tv\u00e5 yngsta skrek hela tiden. De var inte n\u00e5gra bebisar, utan var v\u00e4l en 2-4 \u00e5r, och mamman struntade totalt i sina barn och deras skrik. De slog l\u00e4tt alla rekord i h\u00f6gljutt och missn\u00f6jt barnskrik jag h\u00f6rt. Skrik hela v\u00e4gen hem, h\u00e4rligt att h\u00f6ra p\u00e5 d\u00e5 man har huvudv\u00e4rk och feber&#8230;<\/p>\n<p>Men som sagt, trots att jag blev sjuk var det en h\u00e4rlig semester. Cykelsemester \u00e4r ett enligt mig oslagbart s\u00e4tt att se omgivningarna. Har f\u00e5tt blodad tand p\u00e5 cykelsemestrar nu, kanske Italien\/Frankrike eller liknande n\u00e4sta \u00e5r?<\/p>\n<p><a href=\"http:\/\/karin.stampis.com\/blog\/wp-content\/uploads\/2009\/08\/DSC00107.JPG\"><img loading=\"lazy\" decoding=\"async\" class=\"aligncenter size-medium wp-image-4726\" title=\"DSC00107\" src=\"http:\/\/karin.stampis.com\/blog\/wp-content\/uploads\/2009\/08\/DSC00107-360x270.jpg\" alt=\"DSC00107\" width=\"360\" height=\"270\" srcset=\"http:\/\/karin.stampis.com\/blog\/wp-content\/uploads\/2009\/08\/DSC00107-360x270.jpg 360w, http:\/\/karin.stampis.com\/blog\/wp-content\/uploads\/2009\/08\/DSC00107-1024x768.jpg 1024w, http:\/\/karin.stampis.com\/blog\/wp-content\/uploads\/2009\/08\/DSC00107.JPG 1632w\" sizes=\"auto, (max-width: 360px) 100vw, 360px\" \/><\/a><\/p>\n","protected":false},"excerpt":{"rendered":"<p>Cykelsemestern var h\u00e4rlig! Kunde inte tajmat in b\u00e4ttre v\u00e4der. En liten resume: Dag 1. Ystad &#8211; Baskem\u00f6lla. Ca 60 km. Vackra omgivningar, speciellt str\u00e4ckan l\u00e4ngs kusten. Blev r\u00e4tt s\u00e5 l\u00e5ngt idag s\u00e5 det blev en tidig kv\u00e4ll. \u00c5t lunch p\u00e5 &hellip; <a href=\"http:\/\/karin.stampis.com\/blog\/?p=4716\">Continue reading <span class=\"meta-nav\">&rarr;<\/span><\/a><\/p>\n","protected":false},"author":1,"featured_media":0,"comment_status":"open","ping_status":"open","sticky":false,"template":"","format":"standard","meta":{"footnotes":""},"categories":[146,231,244,230,145],"tags":[96],"class_list":["post-4716","post","type-post","status-publish","format-standard","hentry","category-146","category-augusti-2009","category-cykelsemester-osterlen","category-cykling","category-resebloggar","tag-semester"],"_links":{"self":[{"href":"http:\/\/karin.stampis.com\/blog\/index.php?rest_route=\/wp\/v2\/posts\/4716","targetHints":{"allow":["GET"]}}],"collection":[{"href":"http:\/\/karin.stampis.com\/blog\/index.php?rest_route=\/wp\/v2\/posts"}],"about":[{"href":"http:\/\/karin.stampis.com\/blog\/index.php?rest_route=\/wp\/v2\/types\/post"}],"author":[{"embeddable":true,"href":"http:\/\/karin.stampis.com\/blog\/index.php?rest_route=\/wp\/v2\/users\/1"}],"replies":[{"embeddable":true,"href":"http:\/\/karin.stampis.com\/blog\/index.php?rest_route=%2Fwp%2Fv2%2Fcomments&post=4716"}],"version-history":[{"count":17,"href":"http:\/\/karin.stampis.com\/blog\/index.php?rest_route=\/wp\/v2\/posts\/4716\/revisions"}],"predecessor-version":[{"id":4742,"href":"http:\/\/karin.stampis.com\/blog\/index.php?rest_route=\/wp\/v2\/posts\/4716\/revisions\/4742"}],"wp:attachment":[{"href":"http:\/\/karin.stampis.com\/blog\/index.php?rest_route=%2Fwp%2Fv2%2Fmedia&parent=4716"}],"wp:term":[{"taxonomy":"category","embeddable":true,"href":"http:\/\/karin.stampis.com\/blog\/index.php?rest_route=%2Fwp%2Fv2%2Fcategories&post=4716"},{"taxonomy":"post_tag","embeddable":true,"href":"http:\/\/karin.stampis.com\/blog\/index.php?rest_route=%2Fwp%2Fv2%2Ftags&post=4716"}],"curies":[{"name":"wp","href":"https:\/\/api.w.org\/{rel}","templated":true}]}}