{"id":4764,"date":"2009-08-11T09:17:47","date_gmt":"2009-08-11T07:17:47","guid":{"rendered":"http:\/\/karin.stampis.com\/blog\/?p=4764"},"modified":"2009-08-11T09:18:39","modified_gmt":"2009-08-11T07:18:39","slug":"semesterplaner","status":"publish","type":"post","link":"http:\/\/karin.stampis.com\/blog\/?p=4764","title":{"rendered":"Semesterplaner"},"content":{"rendered":"<p>Efter den h\u00e4r semestern k\u00e4nns det verkligen som om det kommer beh\u00f6vas en resa i vinter, s\u00e5 jag har varit iv\u00e4g och h\u00e4mtat ett helt lass resekataloger. Planen \u00e4r att \u00e5ka iv\u00e4g en vecka \u00f6ver v\u00e5r br\u00f6llopsdag i november.<\/p>\n<p>Dock \u00e4r det inte helt enkelt att hitta ett &#8220;perfekt&#8221; resm\u00e5l. Alla platser vi vill \u00e5ka till \u00e4r som 2-veckorsresor, och det blir lite klurigt. Vi f\u00e5r spara 2-veckorsresan till n\u00e4sta \u00e5r &#8211; antar jag ska disputera d\u00e5 (men med mitt jobb vet man ju aldrig riktigt&#8230;) och d\u00e5 hade 2 veckor i Karibien suttit v\u00e4ldigt gott efter det (f\u00e5r nog revideras om jag blir arbetsl\u00f6s efter det, men n\u00e5gon typ av l\u00e5ngresa d\u00e5 hade varit trevligt). Om det inte \u00e4r 2-veckorsresor s\u00e5 \u00e4r det 1-veckorsresor som slutar g\u00e5 i oktober (som Azorerna, det l\u00e4t superh\u00e4rligt).<\/p>\n<p>S\u00e5 nu letar jag efter ett st\u00e4lle med hyggligt v\u00e4der i slutet av november, flyg fr\u00e5n Kastrup\/Malm\u00f6, g\u00e4rna med all inclusive och couples-koncept (dessa tv\u00e5 verkar dock inte finnas samtidigt om man inte \u00e5ker till Karibien), g\u00e4rna vacker natur, fint hotell: minst 4-stj\u00e4rnigt och g\u00e4rna 5-stj\u00e4rnigt om man har r\u00e5d, ej l\u00e4nder med potentiell politisk instabilitet eller diktaturer, och helst ett st\u00e4lle ingen av oss varit p\u00e5 tidigare&#8230;<\/p>\n<p>S\u00e5 det \u00e4r en hel del p\u00e5 \u00f6nskelistan, f\u00e5r v\u00e4l se om man hittar n\u00e5got hyggligt n\u00e4ra :-p . Hade varit s\u00e5 sk\u00f6nt med lite sol i novemberm\u00f6rkret!<\/p>\n<p><a href=\"http:\/\/karin.stampis.com\/blog\/wp-content\/uploads\/2009\/08\/Semester.jpg\"><img loading=\"lazy\" decoding=\"async\" class=\"aligncenter size-medium wp-image-4768\" title=\"Semester\" src=\"http:\/\/karin.stampis.com\/blog\/wp-content\/uploads\/2009\/08\/Semester-360x270.jpg\" alt=\"Semester\" width=\"360\" height=\"270\" srcset=\"http:\/\/karin.stampis.com\/blog\/wp-content\/uploads\/2009\/08\/Semester-360x270.jpg 360w, http:\/\/karin.stampis.com\/blog\/wp-content\/uploads\/2009\/08\/Semester.jpg 500w\" sizes=\"auto, (max-width: 360px) 100vw, 360px\" \/><\/a><\/p>\n","protected":false},"excerpt":{"rendered":"<p>Efter den h\u00e4r semestern k\u00e4nns det verkligen som om det kommer beh\u00f6vas en resa i vinter, s\u00e5 jag har varit iv\u00e4g och h\u00e4mtat ett helt lass resekataloger. Planen \u00e4r att \u00e5ka iv\u00e4g en vecka \u00f6ver v\u00e5r br\u00f6llopsdag i november. Dock &hellip; <a href=\"http:\/\/karin.stampis.com\/blog\/?p=4764\">Continue reading <span class=\"meta-nav\">&rarr;<\/span><\/a><\/p>\n","protected":false},"author":1,"featured_media":0,"comment_status":"open","ping_status":"open","sticky":false,"template":"","format":"standard","meta":{"footnotes":""},"categories":[146,231],"tags":[76],"class_list":["post-4764","post","type-post","status-publish","format-standard","hentry","category-146","category-augusti-2009","tag-resa"],"_links":{"self":[{"href":"http:\/\/karin.stampis.com\/blog\/index.php?rest_route=\/wp\/v2\/posts\/4764","targetHints":{"allow":["GET"]}}],"collection":[{"href":"http:\/\/karin.stampis.com\/blog\/index.php?rest_route=\/wp\/v2\/posts"}],"about":[{"href":"http:\/\/karin.stampis.com\/blog\/index.php?rest_route=\/wp\/v2\/types\/post"}],"author":[{"embeddable":true,"href":"http:\/\/karin.stampis.com\/blog\/index.php?rest_route=\/wp\/v2\/users\/1"}],"replies":[{"embeddable":true,"href":"http:\/\/karin.stampis.com\/blog\/index.php?rest_route=%2Fwp%2Fv2%2Fcomments&post=4764"}],"version-history":[{"count":11,"href":"http:\/\/karin.stampis.com\/blog\/index.php?rest_route=\/wp\/v2\/posts\/4764\/revisions"}],"predecessor-version":[{"id":4776,"href":"http:\/\/karin.stampis.com\/blog\/index.php?rest_route=\/wp\/v2\/posts\/4764\/revisions\/4776"}],"wp:attachment":[{"href":"http:\/\/karin.stampis.com\/blog\/index.php?rest_route=%2Fwp%2Fv2%2Fmedia&parent=4764"}],"wp:term":[{"taxonomy":"category","embeddable":true,"href":"http:\/\/karin.stampis.com\/blog\/index.php?rest_route=%2Fwp%2Fv2%2Fcategories&post=4764"},{"taxonomy":"post_tag","embeddable":true,"href":"http:\/\/karin.stampis.com\/blog\/index.php?rest_route=%2Fwp%2Fv2%2Ftags&post=4764"}],"curies":[{"name":"wp","href":"https:\/\/api.w.org\/{rel}","templated":true}]}}