{"id":4805,"date":"2009-08-15T11:47:28","date_gmt":"2009-08-15T09:47:28","guid":{"rendered":"http:\/\/karin.stampis.com\/blog\/?p=4805"},"modified":"2009-08-15T11:47:28","modified_gmt":"2009-08-15T09:47:28","slug":"friidrotts-vm","status":"publish","type":"post","link":"http:\/\/karin.stampis.com\/blog\/?p=4805","title":{"rendered":"Friidrotts-VM"},"content":{"rendered":"<p>Har haft en h\u00e4rligt relaxande morgon med nybakat br\u00f6d framf\u00f6r TV:n som visar friidrotts-VM. Sk\u00f6nt att det regnar ute s\u00e5 att man kan kolla p\u00e5 TV p\u00e5 f\u00f6rmiddagen med gott samvete \ud83d\ude09 .<\/p>\n<p>T\u00e4vlade i friidrott d\u00e5 jag var yngre (12-16 \u00e5r), och d\u00e5 man ser idrottarna i den stora arenan k\u00e4nner man n\u00e4stan sj\u00e4lv av k\u00e4nslan av fj\u00e4rilar i magen&#8230; Blir r\u00e4tt sugen p\u00e5 att h\u00e4nga med och hoppa h\u00f6jdhoppet som g\u00e5r nu (sjukamp) &#8211; nu \u00e4r ju ribban t.o.m. p\u00e5 h\u00f6jder som jag klarade av en g\u00e5ng i tiden (hoppade 1,66 d\u00e5 jag var 15, vilket jag i och f\u00f6r sig aldrig hade varit i n\u00e4rheten av nu). Dock har jag en idrotts-skadelista som n\u00e4stan \u00e4r l\u00e4ngre \u00e4n Kallurs och Kl\u00fcfts skadelistor, s\u00e5 jag f\u00e5r nog h\u00e5lla mig till lite mindre p\u00e5frestande saker&#8230;<\/p>\n","protected":false},"excerpt":{"rendered":"<p>Har haft en h\u00e4rligt relaxande morgon med nybakat br\u00f6d framf\u00f6r TV:n som visar friidrotts-VM. Sk\u00f6nt att det regnar ute s\u00e5 att man kan kolla p\u00e5 TV p\u00e5 f\u00f6rmiddagen med gott samvete \ud83d\ude09 . T\u00e4vlade i friidrott d\u00e5 jag var yngre &hellip; <a href=\"http:\/\/karin.stampis.com\/blog\/?p=4805\">Continue reading <span class=\"meta-nav\">&rarr;<\/span><\/a><\/p>\n","protected":false},"author":1,"featured_media":0,"comment_status":"open","ping_status":"open","sticky":false,"template":"","format":"standard","meta":{"footnotes":""},"categories":[146,231],"tags":[232],"class_list":["post-4805","post","type-post","status-publish","format-standard","hentry","category-146","category-augusti-2009","tag-friidrott"],"_links":{"self":[{"href":"http:\/\/karin.stampis.com\/blog\/index.php?rest_route=\/wp\/v2\/posts\/4805","targetHints":{"allow":["GET"]}}],"collection":[{"href":"http:\/\/karin.stampis.com\/blog\/index.php?rest_route=\/wp\/v2\/posts"}],"about":[{"href":"http:\/\/karin.stampis.com\/blog\/index.php?rest_route=\/wp\/v2\/types\/post"}],"author":[{"embeddable":true,"href":"http:\/\/karin.stampis.com\/blog\/index.php?rest_route=\/wp\/v2\/users\/1"}],"replies":[{"embeddable":true,"href":"http:\/\/karin.stampis.com\/blog\/index.php?rest_route=%2Fwp%2Fv2%2Fcomments&post=4805"}],"version-history":[{"count":5,"href":"http:\/\/karin.stampis.com\/blog\/index.php?rest_route=\/wp\/v2\/posts\/4805\/revisions"}],"predecessor-version":[{"id":4810,"href":"http:\/\/karin.stampis.com\/blog\/index.php?rest_route=\/wp\/v2\/posts\/4805\/revisions\/4810"}],"wp:attachment":[{"href":"http:\/\/karin.stampis.com\/blog\/index.php?rest_route=%2Fwp%2Fv2%2Fmedia&parent=4805"}],"wp:term":[{"taxonomy":"category","embeddable":true,"href":"http:\/\/karin.stampis.com\/blog\/index.php?rest_route=%2Fwp%2Fv2%2Fcategories&post=4805"},{"taxonomy":"post_tag","embeddable":true,"href":"http:\/\/karin.stampis.com\/blog\/index.php?rest_route=%2Fwp%2Fv2%2Ftags&post=4805"}],"curies":[{"name":"wp","href":"https:\/\/api.w.org\/{rel}","templated":true}]}}