{"id":4819,"date":"2009-08-18T08:13:17","date_gmt":"2009-08-18T06:13:17","guid":{"rendered":"http:\/\/karin.stampis.com\/blog\/?p=4819"},"modified":"2009-08-18T08:14:06","modified_gmt":"2009-08-18T06:14:06","slug":"ikea","status":"publish","type":"post","link":"http:\/\/karin.stampis.com\/blog\/?p=4819","title":{"rendered":"IKEA"},"content":{"rendered":"<p>S\u00e5h\u00e4r p\u00e5 semestern, d\u00e5 man f\u00e5r energi \u00f6ver, s\u00e5 kan t.o.m. jag b\u00f6rja t\u00e4nka p\u00e5 saker som t.e.x. inredning och shopping.<\/p>\n<p>S\u00e5 d\u00e4rf\u00f6r begav vi oss av till IKEA ig\u00e5r. Vi k\u00e4nde oss v\u00e4ldigt sugna p\u00e5 att k\u00f6pa en ny soffa. Hade egentligen t\u00e4nkt v\u00e4nta med att skaffa en ny soffa tills vi flyttar till hus, men f\u00f6r tillf\u00e4llet k\u00e4nns det som att det nog kan dr\u00f6ja ett tag, och v\u00e5ra soffor \u00e4r v\u00e4ldigt nedg\u00e5ngna (och inte supersnygga heller direkt&#8230;).<\/p>\n<p>Var skoj att vara p\u00e5 IKEA. Gick en l\u00e5ngpromenad dit, men hade \u00e4nd\u00e5 energi f\u00f6r att h\u00e4nga d\u00e4r m\u00e5\u00e5\u00e5nga timmar. S\u00e5 l\u00e4nge att vi b\u00e5de tog fika d\u00e5 vi kom dit och middag senare &#8211; jobbar h\u00e5rt (och framg\u00e5ngsrikt) p\u00e5 semesterkaggen h\u00e4r :-p .<\/p>\n<p><a href=\"http:\/\/karin.stampis.com\/blog\/wp-content\/uploads\/2009\/08\/DSC00133.JPG\"><img loading=\"lazy\" decoding=\"async\" class=\"aligncenter size-medium wp-image-4835\" title=\"DSC00133\" src=\"http:\/\/karin.stampis.com\/blog\/wp-content\/uploads\/2009\/08\/DSC00133-360x270.jpg\" alt=\"DSC00133\" width=\"360\" height=\"270\" srcset=\"http:\/\/karin.stampis.com\/blog\/wp-content\/uploads\/2009\/08\/DSC00133-360x270.jpg 360w, http:\/\/karin.stampis.com\/blog\/wp-content\/uploads\/2009\/08\/DSC00133-1024x768.jpg 1024w, http:\/\/karin.stampis.com\/blog\/wp-content\/uploads\/2009\/08\/DSC00133.JPG 1632w\" sizes=\"auto, (max-width: 360px) 100vw, 360px\" \/><\/a><em>Mumsig \u00e4ppelkaka. Gott kaffe hade de ocks\u00e5, \u00e4ven jag kunde dricka en hel kopp.<\/em><\/p>\n<p><a href=\"http:\/\/karin.stampis.com\/blog\/wp-content\/uploads\/2009\/08\/DSC00144.JPG\"><img loading=\"lazy\" decoding=\"async\" class=\"aligncenter size-medium wp-image-4836\" title=\"DSC00144\" src=\"http:\/\/karin.stampis.com\/blog\/wp-content\/uploads\/2009\/08\/DSC00144-360x270.jpg\" alt=\"DSC00144\" width=\"360\" height=\"270\" srcset=\"http:\/\/karin.stampis.com\/blog\/wp-content\/uploads\/2009\/08\/DSC00144-360x270.jpg 360w, http:\/\/karin.stampis.com\/blog\/wp-content\/uploads\/2009\/08\/DSC00144-1024x768.jpg 1024w, http:\/\/karin.stampis.com\/blog\/wp-content\/uploads\/2009\/08\/DSC00144.JPG 1632w\" sizes=\"auto, (max-width: 360px) 100vw, 360px\" \/><\/a><em>K\u00f6ttbullarna. Noterade att man kan f\u00e5 pommes frites till k\u00f6ttbullarna \u00e4ven i Sverige. Nog f\u00f6r att jag \u00e4lskar frittar men nej tack.<\/em><\/p>\n<p>Sj\u00e4lva shoppingen gick bra. Vi kollade mest, men stoppade ner lite sm\u00e5saker i IKEA-kassen. Som vanligt p\u00e5 IKEA tycker man att man knappt har lagt i n\u00e5gonting och \u00e4nd\u00e5 g\u00e5r man d\u00e4rifr\u00e5n 1500-2000 kr fattigare. F\u00f6rst\u00e5r inte riktigt hur det g\u00e5r till :-p .<\/p>\n<p>Vi best\u00e4mde oss \u00e4ven f\u00f6r en soffa. Tyv\u00e4rr var deras ordersystem nere f\u00f6r tillf\u00e4llet, men s\u00e5 fort det funkar ska vi best\u00e4lla den. Blev den h\u00e4r:<\/p>\n<p><a href=\"http:\/\/karin.stampis.com\/blog\/wp-content\/uploads\/2009\/08\/74541_PE182591_S4.jpg\"><img loading=\"lazy\" decoding=\"async\" class=\"aligncenter size-medium wp-image-4837\" title=\"74541_PE182591_S4\" src=\"http:\/\/karin.stampis.com\/blog\/wp-content\/uploads\/2009\/08\/74541_PE182591_S4-360x360.jpg\" alt=\"74541_PE182591_S4\" width=\"360\" height=\"360\" srcset=\"http:\/\/karin.stampis.com\/blog\/wp-content\/uploads\/2009\/08\/74541_PE182591_S4-360x360.jpg 360w, http:\/\/karin.stampis.com\/blog\/wp-content\/uploads\/2009\/08\/74541_PE182591_S4-150x150.jpg 150w, http:\/\/karin.stampis.com\/blog\/wp-content\/uploads\/2009\/08\/74541_PE182591_S4.jpg 500w\" sizes=\"auto, (max-width: 360px) 100vw, 360px\" \/><\/a>Sen n\u00e4r vi kom hem s\u00e5 fortsatte jag ut p\u00e5 stan och shoppade. Hittade lite fina vaser och verklighetstrogna plastblommor. Jimmy h\u00e5ller p\u00e5 och kollar igenom v\u00e5r fotosamling efter foton som vi kan skriva ut till tavlor. S\u00e5 h\u00e4r i elfte timmen p\u00e5 semestern har den oanv\u00e4nda hj\u00e4rnhalvan \u00e4ntligen vaknat! F\u00e5r passa p\u00e5 &#8211; min erfarenhet s\u00e4ger mig att den slocknar totalt s\u00e5 fort man \u00e4r tillbaka i skrubben&#8230;<\/p>\n","protected":false},"excerpt":{"rendered":"<p>S\u00e5h\u00e4r p\u00e5 semestern, d\u00e5 man f\u00e5r energi \u00f6ver, s\u00e5 kan t.o.m. jag b\u00f6rja t\u00e4nka p\u00e5 saker som t.e.x. inredning och shopping. S\u00e5 d\u00e4rf\u00f6r begav vi oss av till IKEA ig\u00e5r. Vi k\u00e4nde oss v\u00e4ldigt sugna p\u00e5 att k\u00f6pa en ny &hellip; <a href=\"http:\/\/karin.stampis.com\/blog\/?p=4819\">Continue reading <span class=\"meta-nav\">&rarr;<\/span><\/a><\/p>\n","protected":false},"author":1,"featured_media":0,"comment_status":"open","ping_status":"open","sticky":false,"template":"","format":"standard","meta":{"footnotes":""},"categories":[146,231],"tags":[233,192],"class_list":["post-4819","post","type-post","status-publish","format-standard","hentry","category-146","category-augusti-2009","tag-inredning","tag-shopping"],"_links":{"self":[{"href":"http:\/\/karin.stampis.com\/blog\/index.php?rest_route=\/wp\/v2\/posts\/4819","targetHints":{"allow":["GET"]}}],"collection":[{"href":"http:\/\/karin.stampis.com\/blog\/index.php?rest_route=\/wp\/v2\/posts"}],"about":[{"href":"http:\/\/karin.stampis.com\/blog\/index.php?rest_route=\/wp\/v2\/types\/post"}],"author":[{"embeddable":true,"href":"http:\/\/karin.stampis.com\/blog\/index.php?rest_route=\/wp\/v2\/users\/1"}],"replies":[{"embeddable":true,"href":"http:\/\/karin.stampis.com\/blog\/index.php?rest_route=%2Fwp%2Fv2%2Fcomments&post=4819"}],"version-history":[{"count":14,"href":"http:\/\/karin.stampis.com\/blog\/index.php?rest_route=\/wp\/v2\/posts\/4819\/revisions"}],"predecessor-version":[{"id":4845,"href":"http:\/\/karin.stampis.com\/blog\/index.php?rest_route=\/wp\/v2\/posts\/4819\/revisions\/4845"}],"wp:attachment":[{"href":"http:\/\/karin.stampis.com\/blog\/index.php?rest_route=%2Fwp%2Fv2%2Fmedia&parent=4819"}],"wp:term":[{"taxonomy":"category","embeddable":true,"href":"http:\/\/karin.stampis.com\/blog\/index.php?rest_route=%2Fwp%2Fv2%2Fcategories&post=4819"},{"taxonomy":"post_tag","embeddable":true,"href":"http:\/\/karin.stampis.com\/blog\/index.php?rest_route=%2Fwp%2Fv2%2Ftags&post=4819"}],"curies":[{"name":"wp","href":"https:\/\/api.w.org\/{rel}","templated":true}]}}