{"id":4867,"date":"2009-08-20T12:42:56","date_gmt":"2009-08-20T10:42:56","guid":{"rendered":"http:\/\/karin.stampis.com\/blog\/?p=4867"},"modified":"2009-08-20T13:33:13","modified_gmt":"2009-08-20T11:33:13","slug":"finbesok","status":"publish","type":"post","link":"http:\/\/karin.stampis.com\/blog\/?p=4867","title":{"rendered":"Finbes\u00f6k"},"content":{"rendered":"<p><a href=\"http:\/\/karin.stampis.com\/blog\/wp-content\/uploads\/2009\/08\/Sigge-1.jpg\"><img loading=\"lazy\" decoding=\"async\" class=\"aligncenter size-medium wp-image-4868\" title=\"Sigge-1\" src=\"http:\/\/karin.stampis.com\/blog\/wp-content\/uploads\/2009\/08\/Sigge-1-360x270.jpg\" alt=\"Sigge-1\" width=\"360\" height=\"270\" srcset=\"http:\/\/karin.stampis.com\/blog\/wp-content\/uploads\/2009\/08\/Sigge-1-360x270.jpg 360w, http:\/\/karin.stampis.com\/blog\/wp-content\/uploads\/2009\/08\/Sigge-1.jpg 1000w\" sizes=\"auto, (max-width: 360px) 100vw, 360px\" \/><\/a><em>V\u00e4rldens finaste Sigge!<\/em><\/p>\n<p><a href=\"http:\/\/karin.stampis.com\/blog\/wp-content\/uploads\/2009\/08\/Sigge-1-2.jpg\"><img loading=\"lazy\" decoding=\"async\" class=\"aligncenter size-medium wp-image-4869\" title=\"Sigge-1-2\" src=\"http:\/\/karin.stampis.com\/blog\/wp-content\/uploads\/2009\/08\/Sigge-1-2-360x270.jpg\" alt=\"Sigge-1-2\" width=\"360\" height=\"270\" srcset=\"http:\/\/karin.stampis.com\/blog\/wp-content\/uploads\/2009\/08\/Sigge-1-2-360x270.jpg 360w, http:\/\/karin.stampis.com\/blog\/wp-content\/uploads\/2009\/08\/Sigge-1-2.jpg 1000w\" sizes=\"auto, (max-width: 360px) 100vw, 360px\" \/><\/a><em>Sigge ser intresserat p\u00e5 dalmatinern som \u00e4r p\u00e5 TV.<\/em><\/p>\n<p><a href=\"http:\/\/karin.stampis.com\/blog\/wp-content\/uploads\/2009\/08\/Sigge-1-3.jpg\"><img loading=\"lazy\" decoding=\"async\" class=\"aligncenter size-medium wp-image-4870\" title=\"Sigge-1-3\" src=\"http:\/\/karin.stampis.com\/blog\/wp-content\/uploads\/2009\/08\/Sigge-1-3-360x270.jpg\" alt=\"Sigge-1-3\" width=\"360\" height=\"270\" srcset=\"http:\/\/karin.stampis.com\/blog\/wp-content\/uploads\/2009\/08\/Sigge-1-3-360x270.jpg 360w, http:\/\/karin.stampis.com\/blog\/wp-content\/uploads\/2009\/08\/Sigge-1-3.jpg 1000w\" sizes=\"auto, (max-width: 360px) 100vw, 360px\" \/><\/a><em>Sigge undrar vart vovven p\u00e5 TV:n tog v\u00e4gen.<\/em><\/p>\n<p><em><a href=\"http:\/\/karin.stampis.com\/blog\/wp-content\/uploads\/2009\/08\/Sigge-019.jpg\"><img loading=\"lazy\" decoding=\"async\" class=\"aligncenter size-medium wp-image-4875\" title=\"Sigge 019\" src=\"http:\/\/karin.stampis.com\/blog\/wp-content\/uploads\/2009\/08\/Sigge-019-360x270.jpg\" alt=\"Sigge 019\" width=\"360\" height=\"270\" srcset=\"http:\/\/karin.stampis.com\/blog\/wp-content\/uploads\/2009\/08\/Sigge-019-360x270.jpg 360w, http:\/\/karin.stampis.com\/blog\/wp-content\/uploads\/2009\/08\/Sigge-019-1024x768.jpg 1024w, http:\/\/karin.stampis.com\/blog\/wp-content\/uploads\/2009\/08\/Sigge-019.jpg 1824w\" sizes=\"auto, (max-width: 360px) 100vw, 360px\" \/><\/a>Sigge har fortfarande kvar ankan som han fick med sig fr\u00e5n kenneln.<br \/>\n<\/em><\/p>\n<p><a href=\"http:\/\/karin.stampis.com\/blog\/wp-content\/uploads\/2009\/08\/Sigge-1-4.jpg\"><img loading=\"lazy\" decoding=\"async\" class=\"aligncenter size-medium wp-image-4871\" title=\"Sigge-1-4\" src=\"http:\/\/karin.stampis.com\/blog\/wp-content\/uploads\/2009\/08\/Sigge-1-4-360x270.jpg\" alt=\"Sigge-1-4\" width=\"360\" height=\"270\" srcset=\"http:\/\/karin.stampis.com\/blog\/wp-content\/uploads\/2009\/08\/Sigge-1-4-360x270.jpg 360w, http:\/\/karin.stampis.com\/blog\/wp-content\/uploads\/2009\/08\/Sigge-1-4.jpg 1000w\" sizes=\"auto, (max-width: 360px) 100vw, 360px\" \/><\/a><em>Lite tr\u00f6tt efter alla nya intryck.<\/em><\/p>\n","protected":false},"excerpt":{"rendered":"<p>V\u00e4rldens finaste Sigge! Sigge ser intresserat p\u00e5 dalmatinern som \u00e4r p\u00e5 TV. Sigge undrar vart vovven p\u00e5 TV:n tog v\u00e4gen. Sigge har fortfarande kvar ankan som han fick med sig fr\u00e5n kenneln. Lite tr\u00f6tt efter alla nya intryck.<\/p>\n","protected":false},"author":1,"featured_media":0,"comment_status":"open","ping_status":"open","sticky":false,"template":"","format":"standard","meta":{"footnotes":""},"categories":[146,231],"tags":[31,27,26],"class_list":["post-4867","post","type-post","status-publish","format-standard","hentry","category-146","category-augusti-2009","tag-golden-retriever","tag-hund","tag-sigge"],"_links":{"self":[{"href":"http:\/\/karin.stampis.com\/blog\/index.php?rest_route=\/wp\/v2\/posts\/4867","targetHints":{"allow":["GET"]}}],"collection":[{"href":"http:\/\/karin.stampis.com\/blog\/index.php?rest_route=\/wp\/v2\/posts"}],"about":[{"href":"http:\/\/karin.stampis.com\/blog\/index.php?rest_route=\/wp\/v2\/types\/post"}],"author":[{"embeddable":true,"href":"http:\/\/karin.stampis.com\/blog\/index.php?rest_route=\/wp\/v2\/users\/1"}],"replies":[{"embeddable":true,"href":"http:\/\/karin.stampis.com\/blog\/index.php?rest_route=%2Fwp%2Fv2%2Fcomments&post=4867"}],"version-history":[{"count":6,"href":"http:\/\/karin.stampis.com\/blog\/index.php?rest_route=\/wp\/v2\/posts\/4867\/revisions"}],"predecessor-version":[{"id":4878,"href":"http:\/\/karin.stampis.com\/blog\/index.php?rest_route=\/wp\/v2\/posts\/4867\/revisions\/4878"}],"wp:attachment":[{"href":"http:\/\/karin.stampis.com\/blog\/index.php?rest_route=%2Fwp%2Fv2%2Fmedia&parent=4867"}],"wp:term":[{"taxonomy":"category","embeddable":true,"href":"http:\/\/karin.stampis.com\/blog\/index.php?rest_route=%2Fwp%2Fv2%2Fcategories&post=4867"},{"taxonomy":"post_tag","embeddable":true,"href":"http:\/\/karin.stampis.com\/blog\/index.php?rest_route=%2Fwp%2Fv2%2Ftags&post=4867"}],"curies":[{"name":"wp","href":"https:\/\/api.w.org\/{rel}","templated":true}]}}