{"id":4954,"date":"2009-08-28T19:16:13","date_gmt":"2009-08-28T17:16:13","guid":{"rendered":"http:\/\/karin.stampis.com\/blog\/?p=4954"},"modified":"2009-08-28T19:16:36","modified_gmt":"2009-08-28T17:16:36","slug":"mumsig-sallad","status":"publish","type":"post","link":"http:\/\/karin.stampis.com\/blog\/?p=4954","title":{"rendered":"Mumsig sallad"},"content":{"rendered":"<p>Efter att i veckan varit ute p\u00e5 <a href=\"http:\/\/barista.cc\/\">Barista<\/a> och \u00e4tit en mycket god sallad s\u00e5 blev vi inspirerade till att g\u00f6ra en likartad sallad hemma. Blev supergott :-)! Var dessutom enkel att g\u00f6ra = perfekt fredagsmiddag.<\/p>\n<p><a href=\"http:\/\/karin.stampis.com\/blog\/wp-content\/uploads\/2009\/08\/sallad-005.jpg\"><img loading=\"lazy\" decoding=\"async\" class=\"aligncenter size-medium wp-image-4955\" title=\"sallad 005\" src=\"http:\/\/karin.stampis.com\/blog\/wp-content\/uploads\/2009\/08\/sallad-005-360x270.jpg\" alt=\"sallad 005\" width=\"360\" height=\"270\" srcset=\"http:\/\/karin.stampis.com\/blog\/wp-content\/uploads\/2009\/08\/sallad-005-360x270.jpg 360w, http:\/\/karin.stampis.com\/blog\/wp-content\/uploads\/2009\/08\/sallad-005-1024x768.jpg 1024w, http:\/\/karin.stampis.com\/blog\/wp-content\/uploads\/2009\/08\/sallad-005.jpg 1824w\" sizes=\"auto, (max-width: 360px) 100vw, 360px\" \/><\/a><\/p>\n<p>Vad som ingick: Penne med pesto (Barilla = b\u00e4sta peston), parmaskinka, parmesan, getost med honung, soltorkade tomater, r\u00f6dl\u00f6k, ruccola, russin, paprika, tomat, oliver, f\u00e4rsk basilika, rostade pinjen\u00f6tter, gul kiwi och balsamvin\u00e4ger.<\/p>\n","protected":false},"excerpt":{"rendered":"<p>Efter att i veckan varit ute p\u00e5 Barista och \u00e4tit en mycket god sallad s\u00e5 blev vi inspirerade till att g\u00f6ra en likartad sallad hemma. Blev supergott :-)! Var dessutom enkel att g\u00f6ra = perfekt fredagsmiddag. Vad som ingick: Penne &hellip; <a href=\"http:\/\/karin.stampis.com\/blog\/?p=4954\">Continue reading <span class=\"meta-nav\">&rarr;<\/span><\/a><\/p>\n","protected":false},"author":1,"featured_media":0,"comment_status":"open","ping_status":"open","sticky":false,"template":"","format":"standard","meta":{"footnotes":""},"categories":[146,231,135],"tags":[24,397],"class_list":["post-4954","post","type-post","status-publish","format-standard","hentry","category-146","category-augusti-2009","category-recept","tag-fredagskvall","tag-recept"],"_links":{"self":[{"href":"http:\/\/karin.stampis.com\/blog\/index.php?rest_route=\/wp\/v2\/posts\/4954","targetHints":{"allow":["GET"]}}],"collection":[{"href":"http:\/\/karin.stampis.com\/blog\/index.php?rest_route=\/wp\/v2\/posts"}],"about":[{"href":"http:\/\/karin.stampis.com\/blog\/index.php?rest_route=\/wp\/v2\/types\/post"}],"author":[{"embeddable":true,"href":"http:\/\/karin.stampis.com\/blog\/index.php?rest_route=\/wp\/v2\/users\/1"}],"replies":[{"embeddable":true,"href":"http:\/\/karin.stampis.com\/blog\/index.php?rest_route=%2Fwp%2Fv2%2Fcomments&post=4954"}],"version-history":[{"count":11,"href":"http:\/\/karin.stampis.com\/blog\/index.php?rest_route=\/wp\/v2\/posts\/4954\/revisions"}],"predecessor-version":[{"id":5660,"href":"http:\/\/karin.stampis.com\/blog\/index.php?rest_route=\/wp\/v2\/posts\/4954\/revisions\/5660"}],"wp:attachment":[{"href":"http:\/\/karin.stampis.com\/blog\/index.php?rest_route=%2Fwp%2Fv2%2Fmedia&parent=4954"}],"wp:term":[{"taxonomy":"category","embeddable":true,"href":"http:\/\/karin.stampis.com\/blog\/index.php?rest_route=%2Fwp%2Fv2%2Fcategories&post=4954"},{"taxonomy":"post_tag","embeddable":true,"href":"http:\/\/karin.stampis.com\/blog\/index.php?rest_route=%2Fwp%2Fv2%2Ftags&post=4954"}],"curies":[{"name":"wp","href":"https:\/\/api.w.org\/{rel}","templated":true}]}}