{"id":5035,"date":"2009-08-31T20:45:42","date_gmt":"2009-08-31T18:45:42","guid":{"rendered":"http:\/\/karin.stampis.com\/blog\/?p=5035"},"modified":"2009-08-31T20:45:42","modified_gmt":"2009-08-31T18:45:42","slug":"ikea-skit","status":"publish","type":"post","link":"http:\/\/karin.stampis.com\/blog\/?p=5035","title":{"rendered":"IKEA = skit"},"content":{"rendered":"<p>Idag s\u00e5g vi fram emot att v\u00e5r soffa fr\u00e5n IKEA \u00e4ntligen skulle anl\u00e4nda. Glada i h\u00e5gen b\u00f6rjade vi montera den, bara f\u00f6r att uppt\u00e4cka att kvaliten p\u00e5 den var komplett v\u00e4rdel\u00f6s (och nej, det var inte den billigaste soffan som de hade)&#8230;<\/p>\n<p>Ytan p\u00e5 kl\u00e4dseln visade sig vara extremt sn\u00e5lt tilltagen, speciellt p\u00e5 sch\u00e4slongen, och det som inte syntes ut\u00e5t var kl\u00e4tt med ett tyg som var v\u00e4ldigt svagt. Det sprack d\u00e5 man f\u00f6rs\u00f6kte dra ihop dragkedjan, trots att vi tog det v\u00e4ldigt f\u00f6rsiktigt\u00a0 \ud83d\ude41 . Det var inte lite som sprack heller.<\/p>\n<p><a href=\"http:\/\/karin.stampis.com\/blog\/wp-content\/uploads\/2009\/08\/soffa-005.jpg\"><img loading=\"lazy\" decoding=\"async\" class=\"aligncenter size-medium wp-image-5036\" title=\"soffa 005\" src=\"http:\/\/karin.stampis.com\/blog\/wp-content\/uploads\/2009\/08\/soffa-005-360x270.jpg\" alt=\"soffa 005\" width=\"360\" height=\"270\" srcset=\"http:\/\/karin.stampis.com\/blog\/wp-content\/uploads\/2009\/08\/soffa-005-360x270.jpg 360w, http:\/\/karin.stampis.com\/blog\/wp-content\/uploads\/2009\/08\/soffa-005-1024x768.jpg 1024w, http:\/\/karin.stampis.com\/blog\/wp-content\/uploads\/2009\/08\/soffa-005.jpg 1824w\" sizes=\"auto, (max-width: 360px) 100vw, 360px\" \/><\/a><\/p>\n<p>Detta \u00e4r inte direkt den f\u00f6rsta m\u00f6beln fr\u00e5n IKEA som har g\u00e5tt s\u00f6nder&#8230;<\/p>\n<p>Vi kl\u00e4dde resten av soffan med en f\u00f6rsiktighet liknande som om den varit gjort av \u00e4gg, lagom nerv\u00f6st att n\u00e5got till skulle spricka&#8230;<\/p>\n","protected":false},"excerpt":{"rendered":"<p>Idag s\u00e5g vi fram emot att v\u00e5r soffa fr\u00e5n IKEA \u00e4ntligen skulle anl\u00e4nda. Glada i h\u00e5gen b\u00f6rjade vi montera den, bara f\u00f6r att uppt\u00e4cka att kvaliten p\u00e5 den var komplett v\u00e4rdel\u00f6s (och nej, det var inte den billigaste soffan som &hellip; <a href=\"http:\/\/karin.stampis.com\/blog\/?p=5035\">Continue reading <span class=\"meta-nav\">&rarr;<\/span><\/a><\/p>\n","protected":false},"author":1,"featured_media":0,"comment_status":"open","ping_status":"open","sticky":false,"template":"","format":"standard","meta":{"footnotes":""},"categories":[146,231],"tags":[],"class_list":["post-5035","post","type-post","status-publish","format-standard","hentry","category-146","category-augusti-2009"],"_links":{"self":[{"href":"http:\/\/karin.stampis.com\/blog\/index.php?rest_route=\/wp\/v2\/posts\/5035","targetHints":{"allow":["GET"]}}],"collection":[{"href":"http:\/\/karin.stampis.com\/blog\/index.php?rest_route=\/wp\/v2\/posts"}],"about":[{"href":"http:\/\/karin.stampis.com\/blog\/index.php?rest_route=\/wp\/v2\/types\/post"}],"author":[{"embeddable":true,"href":"http:\/\/karin.stampis.com\/blog\/index.php?rest_route=\/wp\/v2\/users\/1"}],"replies":[{"embeddable":true,"href":"http:\/\/karin.stampis.com\/blog\/index.php?rest_route=%2Fwp%2Fv2%2Fcomments&post=5035"}],"version-history":[{"count":4,"href":"http:\/\/karin.stampis.com\/blog\/index.php?rest_route=\/wp\/v2\/posts\/5035\/revisions"}],"predecessor-version":[{"id":5040,"href":"http:\/\/karin.stampis.com\/blog\/index.php?rest_route=\/wp\/v2\/posts\/5035\/revisions\/5040"}],"wp:attachment":[{"href":"http:\/\/karin.stampis.com\/blog\/index.php?rest_route=%2Fwp%2Fv2%2Fmedia&parent=5035"}],"wp:term":[{"taxonomy":"category","embeddable":true,"href":"http:\/\/karin.stampis.com\/blog\/index.php?rest_route=%2Fwp%2Fv2%2Fcategories&post=5035"},{"taxonomy":"post_tag","embeddable":true,"href":"http:\/\/karin.stampis.com\/blog\/index.php?rest_route=%2Fwp%2Fv2%2Ftags&post=5035"}],"curies":[{"name":"wp","href":"https:\/\/api.w.org\/{rel}","templated":true}]}}