{"id":5066,"date":"2009-09-05T16:24:17","date_gmt":"2009-09-05T14:24:17","guid":{"rendered":"http:\/\/karin.stampis.com\/blog\/?p=5066"},"modified":"2009-09-05T16:24:42","modified_gmt":"2009-09-05T14:24:42","slug":"dagens-sysselsattning","status":"publish","type":"post","link":"http:\/\/karin.stampis.com\/blog\/?p=5066","title":{"rendered":"Dagens syssels\u00e4ttning"},"content":{"rendered":"<p>Sov l\u00e4nge, gick upp ca halv 10 (det \u00e4r SENT f\u00f6r mig&#8230;).<\/p>\n<p><a href=\"http:\/\/karin.stampis.com\/blog\/wp-content\/uploads\/2009\/09\/nanna2.jpg\"><img loading=\"lazy\" decoding=\"async\" class=\"aligncenter size-medium wp-image-5067\" title=\"nanna2\" src=\"http:\/\/karin.stampis.com\/blog\/wp-content\/uploads\/2009\/09\/nanna2-360x250.jpg\" alt=\"nanna2\" width=\"360\" height=\"250\" srcset=\"http:\/\/karin.stampis.com\/blog\/wp-content\/uploads\/2009\/09\/nanna2-360x250.jpg 360w, http:\/\/karin.stampis.com\/blog\/wp-content\/uploads\/2009\/09\/nanna2.jpg 400w\" sizes=\"auto, (max-width: 360px) 100vw, 360px\" \/><\/a><\/p>\n<p>\u00c5t frukost halv 10 &#8211; 11.<\/p>\n<p>Gick sen och tr\u00e4nade core, huj vad alla f\u00f6rkylningar etc har \u00e4tit upp muskelstyrkan :-p .<\/p>\n<p>V\u00e4l hemma n\u00e5n timme senare sa Jimmy han hade ont i huvudet och gick och lade sig. Jag sympati-lade mig bredvid och somnade v\u00e4ldigt snabbt&#8230;<\/p>\n<p><a href=\"http:\/\/karin.stampis.com\/blog\/wp-content\/uploads\/2009\/09\/image032.jpg\"><img loading=\"lazy\" decoding=\"async\" class=\"aligncenter size-full wp-image-5068\" title=\"image032\" src=\"http:\/\/karin.stampis.com\/blog\/wp-content\/uploads\/2009\/09\/image032.jpg\" alt=\"image032\" width=\"287\" height=\"263\" \/><\/a><\/p>\n<p>Vaknade sen l\u00e5\u00e5\u00e5ng tid efter\u00e5t och s\u00e5g att klockan var 4.<\/p>\n<p>Effektiv dag :-p . Men sk\u00f6nt \u00e4nd\u00e5 att kunna sova ut lite \ud83d\ude42 .<\/p>\n","protected":false},"excerpt":{"rendered":"<p>Sov l\u00e4nge, gick upp ca halv 10 (det \u00e4r SENT f\u00f6r mig&#8230;). \u00c5t frukost halv 10 &#8211; 11. Gick sen och tr\u00e4nade core, huj vad alla f\u00f6rkylningar etc har \u00e4tit upp muskelstyrkan :-p . V\u00e4l hemma n\u00e5n timme senare sa &hellip; <a href=\"http:\/\/karin.stampis.com\/blog\/?p=5066\">Continue reading <span class=\"meta-nav\">&rarr;<\/span><\/a><\/p>\n","protected":false},"author":1,"featured_media":0,"comment_status":"open","ping_status":"open","sticky":false,"template":"","format":"standard","meta":{"footnotes":""},"categories":[146,234],"tags":[],"class_list":["post-5066","post","type-post","status-publish","format-standard","hentry","category-146","category-september-2009"],"_links":{"self":[{"href":"http:\/\/karin.stampis.com\/blog\/index.php?rest_route=\/wp\/v2\/posts\/5066","targetHints":{"allow":["GET"]}}],"collection":[{"href":"http:\/\/karin.stampis.com\/blog\/index.php?rest_route=\/wp\/v2\/posts"}],"about":[{"href":"http:\/\/karin.stampis.com\/blog\/index.php?rest_route=\/wp\/v2\/types\/post"}],"author":[{"embeddable":true,"href":"http:\/\/karin.stampis.com\/blog\/index.php?rest_route=\/wp\/v2\/users\/1"}],"replies":[{"embeddable":true,"href":"http:\/\/karin.stampis.com\/blog\/index.php?rest_route=%2Fwp%2Fv2%2Fcomments&post=5066"}],"version-history":[{"count":6,"href":"http:\/\/karin.stampis.com\/blog\/index.php?rest_route=\/wp\/v2\/posts\/5066\/revisions"}],"predecessor-version":[{"id":5074,"href":"http:\/\/karin.stampis.com\/blog\/index.php?rest_route=\/wp\/v2\/posts\/5066\/revisions\/5074"}],"wp:attachment":[{"href":"http:\/\/karin.stampis.com\/blog\/index.php?rest_route=%2Fwp%2Fv2%2Fmedia&parent=5066"}],"wp:term":[{"taxonomy":"category","embeddable":true,"href":"http:\/\/karin.stampis.com\/blog\/index.php?rest_route=%2Fwp%2Fv2%2Fcategories&post=5066"},{"taxonomy":"post_tag","embeddable":true,"href":"http:\/\/karin.stampis.com\/blog\/index.php?rest_route=%2Fwp%2Fv2%2Ftags&post=5066"}],"curies":[{"name":"wp","href":"https:\/\/api.w.org\/{rel}","templated":true}]}}