{"id":5075,"date":"2009-09-06T07:38:16","date_gmt":"2009-09-06T05:38:16","guid":{"rendered":"http:\/\/karin.stampis.com\/blog\/?p=5075"},"modified":"2009-09-13T16:30:39","modified_gmt":"2009-09-13T14:30:39","slug":"citronkyckling-med-oliver-och-fetaost","status":"publish","type":"post","link":"http:\/\/karin.stampis.com\/blog\/?p=5075","title":{"rendered":"Citronkyckling med oliver och fetaost"},"content":{"rendered":"<p>L\u00f6rdagskv\u00e4llens mums!<\/p>\n<p><a href=\"http:\/\/karin.stampis.com\/blog\/wp-content\/uploads\/2009\/09\/l\u00f6rdagsmat-1-2.jpg\"><img loading=\"lazy\" decoding=\"async\" class=\"aligncenter size-medium wp-image-5077\" title=\"l\u00f6rdagsmat-1-2\" src=\"http:\/\/karin.stampis.com\/blog\/wp-content\/uploads\/2009\/09\/l\u00f6rdagsmat-1-2-360x281.jpg\" alt=\"l\u00f6rdagsmat-1-2\" width=\"360\" height=\"281\" srcset=\"http:\/\/karin.stampis.com\/blog\/wp-content\/uploads\/2009\/09\/l\u00f6rdagsmat-1-2-360x281.jpg 360w, http:\/\/karin.stampis.com\/blog\/wp-content\/uploads\/2009\/09\/l\u00f6rdagsmat-1-2.jpg 1000w\" sizes=\"auto, (max-width: 360px) 100vw, 360px\" \/><\/a><\/p>\n<p>4 st  \tkycklingfil\u00e9er<\/p>\n<p>1 msk olivolja<\/p>\n<p>2-3 st \tvitl\u00f6ksklyftor<\/p>\n<p>salt<\/p>\n<p>peppar<\/p>\n<p>2 dl vatten<\/p>\n<p>rosmarin, salvia eller\/och basilka<\/p>\n<p>2,5 dl \tmatlagningsgr\u00e4dde<\/p>\n<p>Klyftor av 1 citron + 0,5 st \tcitron, pressad saft<\/p>\n<p>1 dl \toliver, svarta och gr\u00f6na<\/p>\n<p>200 g \tfetaost<\/p>\n<p>1,5 msk soja<\/p>\n<p>V\u00e4rm upp en stekpanna med lite olivolja.<br \/>\nL\u00e4gg i citronklyftor och kycklingfil\u00e9erna och stek\u00a0 tills de f\u00e5tt en gyllenbrun yta. Pressa \u00f6ver vitl\u00f6ksklyftorna.<br \/>\nN\u00e4r kycklingen \u00e4r brynt, h\u00e4ll \u00f6ver vattnet.<br \/>\nH\u00e4ll i rosmarin, salvia och\/eller basilika. L\u00e5t sjuda 5 min och ta sen upp kyckling + citronklyftor.<br \/>\nH\u00e4ll i matlagningsgr\u00e4dde.<br \/>\nH\u00e4ll i saften fr\u00e5n \u00bd citron plus sojan.<br \/>\nSalta &amp; peppra. L\u00e4gg i oliverna.<br \/>\nL\u00e5t puttra tillsammans c:a 10 min, l\u00e4gg i kycklingen och l\u00e5t puttra ytterligare n\u00e5gon minut.<br \/>\nSk\u00e4r upp fetaosten i kuber och l\u00e4gg dem ovanp\u00e5.<\/p>\n<p>Servera med t.ex. potatisklyftor, cous-cous eller ris samt citronklyftor.<\/p>\n","protected":false},"excerpt":{"rendered":"<p>L\u00f6rdagskv\u00e4llens mums! 4 st kycklingfil\u00e9er 1 msk olivolja 2-3 st vitl\u00f6ksklyftor salt peppar 2 dl vatten rosmarin, salvia eller\/och basilka 2,5 dl matlagningsgr\u00e4dde Klyftor av 1 citron + 0,5 st citron, pressad saft 1 dl oliver, svarta och gr\u00f6na 200 &hellip; <a href=\"http:\/\/karin.stampis.com\/blog\/?p=5075\">Continue reading <span class=\"meta-nav\">&rarr;<\/span><\/a><\/p>\n","protected":false},"author":1,"featured_media":0,"comment_status":"open","ping_status":"open","sticky":false,"template":"","format":"standard","meta":{"footnotes":""},"categories":[146,135,234],"tags":[397],"class_list":["post-5075","post","type-post","status-publish","format-standard","hentry","category-146","category-recept","category-september-2009","tag-recept"],"_links":{"self":[{"href":"http:\/\/karin.stampis.com\/blog\/index.php?rest_route=\/wp\/v2\/posts\/5075","targetHints":{"allow":["GET"]}}],"collection":[{"href":"http:\/\/karin.stampis.com\/blog\/index.php?rest_route=\/wp\/v2\/posts"}],"about":[{"href":"http:\/\/karin.stampis.com\/blog\/index.php?rest_route=\/wp\/v2\/types\/post"}],"author":[{"embeddable":true,"href":"http:\/\/karin.stampis.com\/blog\/index.php?rest_route=\/wp\/v2\/users\/1"}],"replies":[{"embeddable":true,"href":"http:\/\/karin.stampis.com\/blog\/index.php?rest_route=%2Fwp%2Fv2%2Fcomments&post=5075"}],"version-history":[{"count":11,"href":"http:\/\/karin.stampis.com\/blog\/index.php?rest_route=\/wp\/v2\/posts\/5075\/revisions"}],"predecessor-version":[{"id":5082,"href":"http:\/\/karin.stampis.com\/blog\/index.php?rest_route=\/wp\/v2\/posts\/5075\/revisions\/5082"}],"wp:attachment":[{"href":"http:\/\/karin.stampis.com\/blog\/index.php?rest_route=%2Fwp%2Fv2%2Fmedia&parent=5075"}],"wp:term":[{"taxonomy":"category","embeddable":true,"href":"http:\/\/karin.stampis.com\/blog\/index.php?rest_route=%2Fwp%2Fv2%2Fcategories&post=5075"},{"taxonomy":"post_tag","embeddable":true,"href":"http:\/\/karin.stampis.com\/blog\/index.php?rest_route=%2Fwp%2Fv2%2Ftags&post=5075"}],"curies":[{"name":"wp","href":"https:\/\/api.w.org\/{rel}","templated":true}]}}