{"id":5123,"date":"2009-09-12T10:41:52","date_gmt":"2009-09-12T08:41:52","guid":{"rendered":"http:\/\/karin.stampis.com\/blog\/?p=5123"},"modified":"2009-09-13T16:29:55","modified_gmt":"2009-09-13T14:29:55","slug":"nya-vinglas","status":"publish","type":"post","link":"http:\/\/karin.stampis.com\/blog\/?p=5123","title":{"rendered":"Nya vinglas"},"content":{"rendered":"<p>Eftersom v\u00e5ra Intermezzo-glas har visat sig vara alltf\u00f6r fragila, s\u00e5 har vi varit p\u00e5 jakt efter en ny serie med vinglas.<\/p>\n<p>Nu har vi hittat en ny serie, som jag tycker \u00e4r fantastisk. Glasen \u00e4r s\u00e5 vackra och mycket behagliga att dricka ur.<\/p>\n<p>J\u00e4pp &#8211; ni kan kalla mig kn\u00e4pp &#8211; men jag tycker det \u00e4r av st\u00f6rsta vikt att glasen man dricker ut \u00e4r vackra och behagliga. Det g\u00f6r faktiskt en skillnad om man dricker ur tunna lyxiga glas med r\u00e4tt form eller tjocka IKEA-glas. Plus att det k\u00e4nns helt fel att dricka r\u00f6dvin ur vitvinglas och vice versa.<\/p>\n<p>Jag v\u00e4ljer ju vin med omsorg d\u00e5 jag handlar, s\u00e5 d\u00e5 ska glasen ocks\u00e5 vara valda med omsorg \ud83d\ude09 . Men s\u00e5 h\u00e4r galen \u00e4r jag inte om jag \u00e4r p\u00e5 fest eller s\u00e5, jag lovar \ud83d\ude09 .<\/p>\n<p>Iallafall, vi k\u00f6pte glas fr\u00e5n <a href=\"http:\/\/www.riedel.com\/\">Riedel.<\/a> Vi k\u00f6pte dessa:<\/p>\n<p><a href=\"http:\/\/karin.stampis.com\/blog\/wp-content\/uploads\/2009\/09\/404_07_600.jpg\"><img loading=\"lazy\" decoding=\"async\" class=\"aligncenter size-medium wp-image-5125\" title=\"404_07_600\" src=\"http:\/\/karin.stampis.com\/blog\/wp-content\/uploads\/2009\/09\/404_07_600-360x360.jpg\" alt=\"404_07_600\" width=\"360\" height=\"360\" srcset=\"http:\/\/karin.stampis.com\/blog\/wp-content\/uploads\/2009\/09\/404_07_600-360x360.jpg 360w, http:\/\/karin.stampis.com\/blog\/wp-content\/uploads\/2009\/09\/404_07_600-150x150.jpg 150w, http:\/\/karin.stampis.com\/blog\/wp-content\/uploads\/2009\/09\/404_07_600.jpg 600w\" sizes=\"auto, (max-width: 360px) 100vw, 360px\" \/><\/a><\/p>\n<p>Grape Nebbiolo\/Pinot Noir<\/p>\n<p><a href=\"http:\/\/karin.stampis.com\/blog\/wp-content\/uploads\/2009\/09\/404_05_Viognier_600.jpg\"><img loading=\"lazy\" decoding=\"async\" class=\"aligncenter size-full wp-image-5127\" title=\"404_05_Viognier_600\" src=\"http:\/\/karin.stampis.com\/blog\/wp-content\/uploads\/2009\/09\/404_05_Viognier_600.jpg\" alt=\"404_05_Viognier_600\" width=\"265\" height=\"265\" srcset=\"http:\/\/karin.stampis.com\/blog\/wp-content\/uploads\/2009\/09\/404_05_Viognier_600.jpg 265w, http:\/\/karin.stampis.com\/blog\/wp-content\/uploads\/2009\/09\/404_05_Viognier_600-150x150.jpg 150w\" sizes=\"auto, (max-width: 265px) 100vw, 265px\" \/><\/a><\/p>\n<p>Grape Chardonnay Viogner<\/p>\n<p>Dessa vin ska vara anpassade f\u00f6r olika druvor, fast vi k\u00f6pte r\u00f6dvinsglaset f\u00f6r att det var det snyggaste av r\u00f6dvinsglasen och inte p.g.a. druvsorten. Pinot Noir \u00e4r vi inte s\u00e5 f\u00f6rtjusta i och Nebbiolo \u00e4r ju en ganska ovanlig druva som n\u00e4stan uteslutande finns i de (mycket&#8230;) h\u00f6gre prisklasserna. Men s\u00e5 stor skillnad tror jag inte det g\u00f6r inom olika r\u00f6dvinssorter &#8211; vi testade Sangiovese och det funkade fint.<\/p>\n<p>Och Chardonnay \u00e4r v\u00e5r favoritdruva s\u00e5 det valet var r\u00e4tt enkelt! Har dock inte testat dom glasen \u00e4n.<\/p>\n<p>Och lyckligtvis visade det sig att det var kampanjpris p\u00e5 de glasen (90 kr billigare) plus att glasen r\u00e4knandes in i en 30%-rabattsh\u00e4fte som jag hade (det ska nog egentligen inte g\u00e4lla p\u00e5 kampanjpriser, men men) s\u00e5 vi fick dom till ett riktigt bra pris \ud83d\ude42 !<\/p>\n<p>Dessa har h\u00f6g kristallhalt s\u00e5 s\u00e4kert fragila de med, men men, de \u00e4r ju snygga och bekv\u00e4ma, s\u00e5 lite ytlig f\u00e5r man vara ibland \ud83d\ude09 .<\/p>\n","protected":false},"excerpt":{"rendered":"<p>Eftersom v\u00e5ra Intermezzo-glas har visat sig vara alltf\u00f6r fragila, s\u00e5 har vi varit p\u00e5 jakt efter en ny serie med vinglas. Nu har vi hittat en ny serie, som jag tycker \u00e4r fantastisk. Glasen \u00e4r s\u00e5 vackra och mycket behagliga &hellip; <a href=\"http:\/\/karin.stampis.com\/blog\/?p=5123\">Continue reading <span class=\"meta-nav\">&rarr;<\/span><\/a><\/p>\n","protected":false},"author":1,"featured_media":0,"comment_status":"open","ping_status":"open","sticky":false,"template":"","format":"standard","meta":{"footnotes":""},"categories":[146,234],"tags":[233,192,198],"class_list":["post-5123","post","type-post","status-publish","format-standard","hentry","category-146","category-september-2009","tag-inredning","tag-shopping","tag-vin"],"_links":{"self":[{"href":"http:\/\/karin.stampis.com\/blog\/index.php?rest_route=\/wp\/v2\/posts\/5123","targetHints":{"allow":["GET"]}}],"collection":[{"href":"http:\/\/karin.stampis.com\/blog\/index.php?rest_route=\/wp\/v2\/posts"}],"about":[{"href":"http:\/\/karin.stampis.com\/blog\/index.php?rest_route=\/wp\/v2\/types\/post"}],"author":[{"embeddable":true,"href":"http:\/\/karin.stampis.com\/blog\/index.php?rest_route=\/wp\/v2\/users\/1"}],"replies":[{"embeddable":true,"href":"http:\/\/karin.stampis.com\/blog\/index.php?rest_route=%2Fwp%2Fv2%2Fcomments&post=5123"}],"version-history":[{"count":13,"href":"http:\/\/karin.stampis.com\/blog\/index.php?rest_route=\/wp\/v2\/posts\/5123\/revisions"}],"predecessor-version":[{"id":5137,"href":"http:\/\/karin.stampis.com\/blog\/index.php?rest_route=\/wp\/v2\/posts\/5123\/revisions\/5137"}],"wp:attachment":[{"href":"http:\/\/karin.stampis.com\/blog\/index.php?rest_route=%2Fwp%2Fv2%2Fmedia&parent=5123"}],"wp:term":[{"taxonomy":"category","embeddable":true,"href":"http:\/\/karin.stampis.com\/blog\/index.php?rest_route=%2Fwp%2Fv2%2Fcategories&post=5123"},{"taxonomy":"post_tag","embeddable":true,"href":"http:\/\/karin.stampis.com\/blog\/index.php?rest_route=%2Fwp%2Fv2%2Ftags&post=5123"}],"curies":[{"name":"wp","href":"https:\/\/api.w.org\/{rel}","templated":true}]}}