{"id":5390,"date":"2009-09-28T18:37:38","date_gmt":"2009-09-28T16:37:38","guid":{"rendered":"http:\/\/karin.stampis.com\/blog\/?p=5390"},"modified":"2009-09-28T18:39:00","modified_gmt":"2009-09-28T16:39:00","slug":"dagen-i-arhus","status":"publish","type":"post","link":"http:\/\/karin.stampis.com\/blog\/?p=5390","title":{"rendered":"Dagen i \u00c5rhus"},"content":{"rendered":"<p>S\u00e5 har konferensen startat. Fika och lunch-kvaliten fick med ber\u00f6m godk\u00e4nt, f\u00f6rel\u00e4sningarna bra de med, om \u00e4n inte direkt relevanta f\u00f6r mitt jobb just idag.<\/p>\n<p>Har \u00e4ven hunnit traska runt lite i \u00c5rhus. Mysig stad. \u00c4r en gammal stad, fr\u00e5n 700-talet, med 240 000 inv\u00e5nare varav 34 000 studenter. Fast tycker inte att staden k\u00e4nns s\u00e5 stor.<\/p>\n<p><img loading=\"lazy\" decoding=\"async\" class=\"aligncenter size-medium wp-image-5397\" title=\"\u00e5rhus-1\" src=\"http:\/\/karin.stampis.com\/blog\/wp-content\/uploads\/2009\/09\/\u00e5rhus-1-360x270.jpg\" alt=\"\u00e5rhus-1\" width=\"360\" height=\"270\" srcset=\"http:\/\/karin.stampis.com\/blog\/wp-content\/uploads\/2009\/09\/\u00e5rhus-1-360x270.jpg 360w, http:\/\/karin.stampis.com\/blog\/wp-content\/uploads\/2009\/09\/\u00e5rhus-1.jpg 1000w\" sizes=\"auto, (max-width: 360px) 100vw, 360px\" \/><em>Del av botaniska tr\u00e4dg\u00e5rden<\/em><\/p>\n<p><em><img loading=\"lazy\" decoding=\"async\" class=\"aligncenter size-medium wp-image-5392\" title=\"\u00e5rhus-1-2\" src=\"http:\/\/karin.stampis.com\/blog\/wp-content\/uploads\/2009\/09\/\u00e5rhus-1-2-270x360.jpg\" alt=\"\u00e5rhus-1-2\" width=\"270\" height=\"360\" srcset=\"http:\/\/karin.stampis.com\/blog\/wp-content\/uploads\/2009\/09\/\u00e5rhus-1-2-270x360.jpg 270w, http:\/\/karin.stampis.com\/blog\/wp-content\/uploads\/2009\/09\/\u00e5rhus-1-2.jpg 750w\" sizes=\"auto, (max-width: 270px) 100vw, 270px\" \/>H\u00f6stk\u00e4nsla<\/em><\/p>\n<p><em><img loading=\"lazy\" decoding=\"async\" class=\"aligncenter size-medium wp-image-5393\" title=\"\u00e5rhus-1-3\" src=\"http:\/\/karin.stampis.com\/blog\/wp-content\/uploads\/2009\/09\/\u00e5rhus-1-3-360x270.jpg\" alt=\"\u00e5rhus-1-3\" width=\"360\" height=\"270\" srcset=\"http:\/\/karin.stampis.com\/blog\/wp-content\/uploads\/2009\/09\/\u00e5rhus-1-3-360x270.jpg 360w, http:\/\/karin.stampis.com\/blog\/wp-content\/uploads\/2009\/09\/\u00e5rhus-1-3.jpg 1000w\" sizes=\"auto, (max-width: 360px) 100vw, 360px\" \/>Del av &#8220;Den gamle byen&#8221;, som jag g\u00e4rna skulle vilja g\u00e5 in i imorgon om jag hinner.<\/em><\/p>\n<p><em><img loading=\"lazy\" decoding=\"async\" class=\"aligncenter size-medium wp-image-5395\" title=\"\u00e5rhus-1-5\" src=\"http:\/\/karin.stampis.com\/blog\/wp-content\/uploads\/2009\/09\/\u00e5rhus-1-5-220x360.jpg\" alt=\"\u00e5rhus-1-5\" width=\"220\" height=\"360\" srcset=\"http:\/\/karin.stampis.com\/blog\/wp-content\/uploads\/2009\/09\/\u00e5rhus-1-5-220x360.jpg 220w, http:\/\/karin.stampis.com\/blog\/wp-content\/uploads\/2009\/09\/\u00e5rhus-1-5.jpg 613w\" sizes=\"auto, (max-width: 220px) 100vw, 220px\" \/>Domkyrkan<\/em><\/p>\n<p><em><img loading=\"lazy\" decoding=\"async\" class=\"aligncenter size-medium wp-image-5396\" title=\"\u00e5rhus-1-6\" src=\"http:\/\/karin.stampis.com\/blog\/wp-content\/uploads\/2009\/09\/\u00e5rhus-1-6-270x360.jpg\" alt=\"\u00e5rhus-1-6\" width=\"270\" height=\"360\" srcset=\"http:\/\/karin.stampis.com\/blog\/wp-content\/uploads\/2009\/09\/\u00e5rhus-1-6-270x360.jpg 270w, http:\/\/karin.stampis.com\/blog\/wp-content\/uploads\/2009\/09\/\u00e5rhus-1-6.jpg 750w\" sizes=\"auto, (max-width: 270px) 100vw, 270px\" \/>Domkyrkan fr\u00e5n en annan vinkel<\/em><\/p>\n<p><em><img loading=\"lazy\" decoding=\"async\" class=\"aligncenter size-medium wp-image-5394\" title=\"\u00e5rhus-1-4\" src=\"http:\/\/karin.stampis.com\/blog\/wp-content\/uploads\/2009\/09\/\u00e5rhus-1-4-360x270.jpg\" alt=\"\u00e5rhus-1-4\" width=\"360\" height=\"270\" srcset=\"http:\/\/karin.stampis.com\/blog\/wp-content\/uploads\/2009\/09\/\u00e5rhus-1-4-360x270.jpg 360w, http:\/\/karin.stampis.com\/blog\/wp-content\/uploads\/2009\/09\/\u00e5rhus-1-4.jpg 1000w\" sizes=\"auto, (max-width: 360px) 100vw, 360px\" \/>Cool bil<br \/>\n<\/em><\/p>\n","protected":false},"excerpt":{"rendered":"<p>S\u00e5 har konferensen startat. Fika och lunch-kvaliten fick med ber\u00f6m godk\u00e4nt, f\u00f6rel\u00e4sningarna bra de med, om \u00e4n inte direkt relevanta f\u00f6r mitt jobb just idag. Har \u00e4ven hunnit traska runt lite i \u00c5rhus. Mysig stad. \u00c4r en gammal stad, fr\u00e5n &hellip; <a href=\"http:\/\/karin.stampis.com\/blog\/?p=5390\">Continue reading <span class=\"meta-nav\">&rarr;<\/span><\/a><\/p>\n","protected":false},"author":1,"featured_media":0,"comment_status":"open","ping_status":"open","sticky":false,"template":"","format":"standard","meta":{"footnotes":""},"categories":[146,236,145,234],"tags":[],"class_list":["post-5390","post","type-post","status-publish","format-standard","hentry","category-146","category-arhus","category-resebloggar","category-september-2009"],"_links":{"self":[{"href":"http:\/\/karin.stampis.com\/blog\/index.php?rest_route=\/wp\/v2\/posts\/5390","targetHints":{"allow":["GET"]}}],"collection":[{"href":"http:\/\/karin.stampis.com\/blog\/index.php?rest_route=\/wp\/v2\/posts"}],"about":[{"href":"http:\/\/karin.stampis.com\/blog\/index.php?rest_route=\/wp\/v2\/types\/post"}],"author":[{"embeddable":true,"href":"http:\/\/karin.stampis.com\/blog\/index.php?rest_route=\/wp\/v2\/users\/1"}],"replies":[{"embeddable":true,"href":"http:\/\/karin.stampis.com\/blog\/index.php?rest_route=%2Fwp%2Fv2%2Fcomments&post=5390"}],"version-history":[{"count":6,"href":"http:\/\/karin.stampis.com\/blog\/index.php?rest_route=\/wp\/v2\/posts\/5390\/revisions"}],"predecessor-version":[{"id":5402,"href":"http:\/\/karin.stampis.com\/blog\/index.php?rest_route=\/wp\/v2\/posts\/5390\/revisions\/5402"}],"wp:attachment":[{"href":"http:\/\/karin.stampis.com\/blog\/index.php?rest_route=%2Fwp%2Fv2%2Fmedia&parent=5390"}],"wp:term":[{"taxonomy":"category","embeddable":true,"href":"http:\/\/karin.stampis.com\/blog\/index.php?rest_route=%2Fwp%2Fv2%2Fcategories&post=5390"},{"taxonomy":"post_tag","embeddable":true,"href":"http:\/\/karin.stampis.com\/blog\/index.php?rest_route=%2Fwp%2Fv2%2Ftags&post=5390"}],"curies":[{"name":"wp","href":"https:\/\/api.w.org\/{rel}","templated":true}]}}