{"id":555,"date":"2008-11-26T18:42:09","date_gmt":"2008-11-26T16:42:09","guid":{"rendered":"http:\/\/karin.stampis.com\/blog\/?p=555"},"modified":"2008-11-26T18:43:51","modified_gmt":"2008-11-26T16:43:51","slug":"lite-tottig-igen","status":"publish","type":"post","link":"http:\/\/karin.stampis.com\/blog\/?p=555","title":{"rendered":"Lite t\u00f6ttig igen"},"content":{"rendered":"<p>Nyss kommit hem och \u00e4r lite g\u00e4\u00e4\u00e4\u00e4\u00e4spig.<\/p>\n<p><a href=\"http:\/\/karin.stampis.com\/blog\/wp-content\/uploads\/2008\/11\/eda19cdb-070c-4817-b8f5-61a3af35a1c8bmp.jpeg\"><img loading=\"lazy\" decoding=\"async\" class=\"aligncenter size-medium wp-image-556\" title=\"eda19cdb-070c-4817-b8f5-61a3af35a1c8bmp\" src=\"http:\/\/karin.stampis.com\/blog\/wp-content\/uploads\/2008\/11\/eda19cdb-070c-4817-b8f5-61a3af35a1c8bmp-300x297.jpg\" alt=\"\" width=\"300\" height=\"297\" srcset=\"http:\/\/karin.stampis.com\/blog\/wp-content\/uploads\/2008\/11\/eda19cdb-070c-4817-b8f5-61a3af35a1c8bmp-300x297.jpg 300w, http:\/\/karin.stampis.com\/blog\/wp-content\/uploads\/2008\/11\/eda19cdb-070c-4817-b8f5-61a3af35a1c8bmp-150x150.jpg 150w, http:\/\/karin.stampis.com\/blog\/wp-content\/uploads\/2008\/11\/eda19cdb-070c-4817-b8f5-61a3af35a1c8bmp.jpeg 500w\" sizes=\"auto, (max-width: 300px) 100vw, 300px\" \/><\/a><\/p>\n<p>G\u00e5rdagen var skoj men idag \u00e4r jag lite mer tillbaka i verkligheten (d.v.s. handla mat, tv\u00e4ttfixande, r\u00f6jande upp av en v\u00e4ldigt st\u00f6kig l\u00e4genhet &#8211; bara tanken p\u00e5 allt detta f\u00e5r en ju lite tr\u00f6tt..). Vi har f\u00f6rresten p\u00e5 sistone b\u00f6rjat med en ny taktik d\u00e5 det g\u00e4ller inhandlandet av mat; vi s\u00e4ger &#8220;\u00e4h, vi klarar oss v\u00e4l tills imorgon s\u00e5 kan vi ta det d\u00e5 ist\u00e4llet&#8221;? Just nu har vi sagt det sen i l\u00f6rdags, och jag \u00e4r ganska sugen p\u00e5 upprepa detta ikv\u00e4ll ocks\u00e5&#8230;Det \u00e4r ju bara torsdagen kvar att \u00e4ta p\u00e5, och p\u00e5 fredag \u00e4r det frukost p\u00e5 jobbet och sen ska vi bort i helgen. Hrm, frestande tanke det d\u00e4r! Vi har ju hela 100m att g\u00e5 till den stora livsmedelsaff\u00e4ren n\u00e4ra oss&#8230;<\/p>\n","protected":false},"excerpt":{"rendered":"<p>Nyss kommit hem och \u00e4r lite g\u00e4\u00e4\u00e4\u00e4\u00e4spig. G\u00e5rdagen var skoj men idag \u00e4r jag lite mer tillbaka i verkligheten (d.v.s. handla mat, tv\u00e4ttfixande, r\u00f6jande upp av en v\u00e4ldigt st\u00f6kig l\u00e4genhet &#8211; bara tanken p\u00e5 allt detta f\u00e5r en ju lite &hellip; <a href=\"http:\/\/karin.stampis.com\/blog\/?p=555\">Continue reading <span class=\"meta-nav\">&rarr;<\/span><\/a><\/p>\n","protected":false},"author":1,"featured_media":0,"comment_status":"open","ping_status":"open","sticky":false,"template":"","format":"standard","meta":{"footnotes":""},"categories":[65],"tags":[89,15],"class_list":["post-555","post","type-post","status-publish","format-standard","hentry","category-november-2008","tag-lattja","tag-segkarin"],"_links":{"self":[{"href":"http:\/\/karin.stampis.com\/blog\/index.php?rest_route=\/wp\/v2\/posts\/555","targetHints":{"allow":["GET"]}}],"collection":[{"href":"http:\/\/karin.stampis.com\/blog\/index.php?rest_route=\/wp\/v2\/posts"}],"about":[{"href":"http:\/\/karin.stampis.com\/blog\/index.php?rest_route=\/wp\/v2\/types\/post"}],"author":[{"embeddable":true,"href":"http:\/\/karin.stampis.com\/blog\/index.php?rest_route=\/wp\/v2\/users\/1"}],"replies":[{"embeddable":true,"href":"http:\/\/karin.stampis.com\/blog\/index.php?rest_route=%2Fwp%2Fv2%2Fcomments&post=555"}],"version-history":[{"count":2,"href":"http:\/\/karin.stampis.com\/blog\/index.php?rest_route=\/wp\/v2\/posts\/555\/revisions"}],"predecessor-version":[{"id":558,"href":"http:\/\/karin.stampis.com\/blog\/index.php?rest_route=\/wp\/v2\/posts\/555\/revisions\/558"}],"wp:attachment":[{"href":"http:\/\/karin.stampis.com\/blog\/index.php?rest_route=%2Fwp%2Fv2%2Fmedia&parent=555"}],"wp:term":[{"taxonomy":"category","embeddable":true,"href":"http:\/\/karin.stampis.com\/blog\/index.php?rest_route=%2Fwp%2Fv2%2Fcategories&post=555"},{"taxonomy":"post_tag","embeddable":true,"href":"http:\/\/karin.stampis.com\/blog\/index.php?rest_route=%2Fwp%2Fv2%2Ftags&post=555"}],"curies":[{"name":"wp","href":"https:\/\/api.w.org\/{rel}","templated":true}]}}