{"id":5571,"date":"2009-10-17T09:53:50","date_gmt":"2009-10-17T07:53:50","guid":{"rendered":"http:\/\/karin.stampis.com\/blog\/?p=5571"},"modified":"2009-10-17T09:54:13","modified_gmt":"2009-10-17T07:54:13","slug":"host-2","status":"publish","type":"post","link":"http:\/\/karin.stampis.com\/blog\/?p=5571","title":{"rendered":"H\u00f6st"},"content":{"rendered":"<p>Nu k\u00e4nns det riktigt att h\u00f6sten har kommit. K\u00e4nns lite overkligt att det var mindre \u00e4n en m\u00e5nad sen som vi var p\u00e5 en <a href=\"http:\/\/karin.stampis.com\/blog\/?p=5306\">tur i \u00d6sterlen<\/a> samt satt p\u00e5 <a href=\"http:\/\/karin.stampis.com\/blog\/?p=5327\">Ribban och solade<\/a>&#8230;<\/p>\n<p>Fast det g\u00f6r ingenting, jag tycker om \u00e5rstidernas skiftningar och tycker det hade varit tr\u00e5kigt att alltid ha sommar. Tycker det \u00e4r lite tr\u00e5kigt att det p\u00e5 senare \u00e5r varit n\u00e4stan bara sommar och vinter (sk\u00e5nska versionen allts\u00e5) &#8211; k\u00e4nns som h\u00f6st och v\u00e5r varit superkorta, vilket \u00e4r synd eftersom jag verkligen gillar dessa \u00e5rstider. Hade jag varit en \u00e5rstid hade definitivt h\u00f6st passat in b\u00e4st, s\u00e5 jag \u00e4r lite i mitt r\u00e4tta element nu. F\u00f6rst\u00e5r inte riktigt varf\u00f6r alla klagar p\u00e5 v\u00e4dret nu, visst \u00e4r det kallare och bl\u00e5sigare men med v\u00e4ldigt fina h\u00f6stf\u00e4rger och sk\u00f6n luft. Jag tycker \u00e4ven det \u00e4r v\u00e4ldigt sk\u00f6nt att det inte \u00e4r stekhett d\u00e5 man jobbar&#8230;<\/p>\n<p>Fast visst, jag vill ju ha sommar d\u00e5 vi ska p\u00e5 semester om 1 m\u00e5nad (nu \u00e4r det inte s\u00e5 l\u00e5ngt borta!), men det \u00e4r ju en lite annan sak&#8230;<\/p>\n<p>Nu ska jag ha en h\u00f6st-mys dag. Ligga i soffan och l\u00e4sa, k\u00f6ra och h\u00e4mta maken p\u00e5 stationen f\u00f6r att sedan g\u00e5 en l\u00e5ngpromenad, dricka te, \u00e4ta \u00e4rtsoppa och pannkakor (tror jag hoppar punschen&#8230;) och h\u00e4nga med min k\u00e4ra familj.<\/p>\n<p><img loading=\"lazy\" decoding=\"async\" class=\"aligncenter size-medium wp-image-5575\" title=\"IMG_5981\" src=\"http:\/\/karin.stampis.com\/blog\/wp-content\/uploads\/2009\/10\/IMG_5981-360x270.jpg\" alt=\"IMG_5981\" width=\"360\" height=\"270\" srcset=\"http:\/\/karin.stampis.com\/blog\/wp-content\/uploads\/2009\/10\/IMG_5981-360x270.jpg 360w, http:\/\/karin.stampis.com\/blog\/wp-content\/uploads\/2009\/10\/IMG_5981-1024x768.jpg 1024w\" sizes=\"auto, (max-width: 360px) 100vw, 360px\" \/><\/p>\n<p><em>Sk\u00f6nt att sitta framf\u00f6r en kulen h\u00f6stdag.<\/em> <em>Bilden \u00e4r fr\u00e5n den mysiga \u00f6ppna spisen i Varbergs kurort, dock finns det \u00e4ven en sk\u00f6n kamin h\u00e4r i huset p\u00e5 landet.<\/em><\/p>\n<p><img loading=\"lazy\" decoding=\"async\" class=\"aligncenter size-medium wp-image-5576\" title=\"IMG_5963\" src=\"http:\/\/karin.stampis.com\/blog\/wp-content\/uploads\/2009\/10\/IMG_5963-296x360.jpg\" alt=\"IMG_5963\" width=\"296\" height=\"360\" srcset=\"http:\/\/karin.stampis.com\/blog\/wp-content\/uploads\/2009\/10\/IMG_5963-296x360.jpg 296w, http:\/\/karin.stampis.com\/blog\/wp-content\/uploads\/2009\/10\/IMG_5963-843x1024.jpg 843w\" sizes=\"auto, (max-width: 296px) 100vw, 296px\" \/><\/p>\n<p><img loading=\"lazy\" decoding=\"async\" class=\"aligncenter size-medium wp-image-5577\" title=\"IMG_5964\" src=\"http:\/\/karin.stampis.com\/blog\/wp-content\/uploads\/2009\/10\/IMG_5964-360x270.jpg\" alt=\"IMG_5964\" width=\"360\" height=\"270\" srcset=\"http:\/\/karin.stampis.com\/blog\/wp-content\/uploads\/2009\/10\/IMG_5964-360x270.jpg 360w, http:\/\/karin.stampis.com\/blog\/wp-content\/uploads\/2009\/10\/IMG_5964-1024x768.jpg 1024w\" sizes=\"auto, (max-width: 360px) 100vw, 360px\" \/><\/p>\n<p><img loading=\"lazy\" decoding=\"async\" class=\"aligncenter size-medium wp-image-5578\" title=\"IMG_5966\" src=\"http:\/\/karin.stampis.com\/blog\/wp-content\/uploads\/2009\/10\/IMG_5966-360x270.jpg\" alt=\"IMG_5966\" width=\"360\" height=\"270\" srcset=\"http:\/\/karin.stampis.com\/blog\/wp-content\/uploads\/2009\/10\/IMG_5966-360x270.jpg 360w, http:\/\/karin.stampis.com\/blog\/wp-content\/uploads\/2009\/10\/IMG_5966-1024x768.jpg 1024w\" sizes=\"auto, (max-width: 360px) 100vw, 360px\" \/><em>H\u00e4rliga h\u00f6stf\u00e4rger<\/em>.<\/p>\n","protected":false},"excerpt":{"rendered":"<p>Nu k\u00e4nns det riktigt att h\u00f6sten har kommit. K\u00e4nns lite overkligt att det var mindre \u00e4n en m\u00e5nad sen som vi var p\u00e5 en tur i \u00d6sterlen samt satt p\u00e5 Ribban och solade&#8230; Fast det g\u00f6r ingenting, jag tycker om &hellip; <a href=\"http:\/\/karin.stampis.com\/blog\/?p=5571\">Continue reading <span class=\"meta-nav\">&rarr;<\/span><\/a><\/p>\n","protected":false},"author":1,"featured_media":0,"comment_status":"open","ping_status":"open","sticky":false,"template":"","format":"standard","meta":{"footnotes":""},"categories":[146,237],"tags":[16],"class_list":["post-5571","post","type-post","status-publish","format-standard","hentry","category-146","category-oktober-2009","tag-host"],"_links":{"self":[{"href":"http:\/\/karin.stampis.com\/blog\/index.php?rest_route=\/wp\/v2\/posts\/5571","targetHints":{"allow":["GET"]}}],"collection":[{"href":"http:\/\/karin.stampis.com\/blog\/index.php?rest_route=\/wp\/v2\/posts"}],"about":[{"href":"http:\/\/karin.stampis.com\/blog\/index.php?rest_route=\/wp\/v2\/types\/post"}],"author":[{"embeddable":true,"href":"http:\/\/karin.stampis.com\/blog\/index.php?rest_route=\/wp\/v2\/users\/1"}],"replies":[{"embeddable":true,"href":"http:\/\/karin.stampis.com\/blog\/index.php?rest_route=%2Fwp%2Fv2%2Fcomments&post=5571"}],"version-history":[{"count":9,"href":"http:\/\/karin.stampis.com\/blog\/index.php?rest_route=\/wp\/v2\/posts\/5571\/revisions"}],"predecessor-version":[{"id":5584,"href":"http:\/\/karin.stampis.com\/blog\/index.php?rest_route=\/wp\/v2\/posts\/5571\/revisions\/5584"}],"wp:attachment":[{"href":"http:\/\/karin.stampis.com\/blog\/index.php?rest_route=%2Fwp%2Fv2%2Fmedia&parent=5571"}],"wp:term":[{"taxonomy":"category","embeddable":true,"href":"http:\/\/karin.stampis.com\/blog\/index.php?rest_route=%2Fwp%2Fv2%2Fcategories&post=5571"},{"taxonomy":"post_tag","embeddable":true,"href":"http:\/\/karin.stampis.com\/blog\/index.php?rest_route=%2Fwp%2Fv2%2Ftags&post=5571"}],"curies":[{"name":"wp","href":"https:\/\/api.w.org\/{rel}","templated":true}]}}