{"id":560,"date":"2008-11-27T17:30:09","date_gmt":"2008-11-27T15:30:09","guid":{"rendered":"http:\/\/karin.stampis.com\/blog\/?p=560"},"modified":"2008-11-27T17:31:26","modified_gmt":"2008-11-27T15:31:26","slug":"kusinkvall-ikvall","status":"publish","type":"post","link":"http:\/\/karin.stampis.com\/blog\/?p=560","title":{"rendered":"Kusinkv\u00e4ll ikv\u00e4ll!"},"content":{"rendered":"<p>Ikv\u00e4ll ska jag p\u00e5 kusinkv\u00e4ll, det var l\u00e4ngesen sist! Ska kolla in minstingens (hela 5 m\u00e5nader yngre \u00e4n mig \ud83d\ude09 ) nya l\u00e4genhet i Malm\u00f6, ska bli skoj! Underl\u00e4ttar ju f\u00f6r kusinkv\u00e4llarna d\u00e5 alla i kusinkv\u00e4lls-g\u00e4nget bor i Malm\u00f6 nu \ud83d\ude09 . Jag gissar p\u00e5 att kv\u00e4llen bjuder p\u00e5 mycket prat och mycket god mat \ud83d\ude42 .<\/p>\n<p>P\u00e5 tal om god mat s\u00e5 har jag redan satt ig\u00e5ng friskt med jul-kr\u00e4ngandet (lite tjuvstart d\u00e5 det inte ens \u00e4r f\u00f6rsta advent \u00e4n&#8230;). Munnen full och mycket tuggande under dagarna och (speciellt) kv\u00e4llarna&#8230;<br \/>\n<a href=\"http:\/\/karin.stampis.com\/blog\/wp-content\/uploads\/2008\/11\/_.jpg\"><img loading=\"lazy\" decoding=\"async\" class=\"aligncenter size-medium wp-image-561\" title=\"_\" src=\"http:\/\/karin.stampis.com\/blog\/wp-content\/uploads\/2008\/11\/_-220x300.jpg\" alt=\"\" width=\"220\" height=\"300\" srcset=\"http:\/\/karin.stampis.com\/blog\/wp-content\/uploads\/2008\/11\/_-220x300.jpg 220w, http:\/\/karin.stampis.com\/blog\/wp-content\/uploads\/2008\/11\/_.jpg 736w\" sizes=\"auto, (max-width: 220px) 100vw, 220px\" \/><\/a><\/p>\n<p style=\"text-align: center;\"><a href=\"http:\/\/karin.stampis.com\/blog\/wp-content\/uploads\/2008\/11\/fettokorre.jpg\"><img loading=\"lazy\" decoding=\"async\" class=\"size-medium wp-image-562 aligncenter\" src=\"http:\/\/karin.stampis.com\/blog\/wp-content\/uploads\/2008\/11\/fettokorre-225x300.jpg\" alt=\"\" width=\"225\" height=\"300\" srcset=\"http:\/\/karin.stampis.com\/blog\/wp-content\/uploads\/2008\/11\/fettokorre-225x300.jpg 225w, http:\/\/karin.stampis.com\/blog\/wp-content\/uploads\/2008\/11\/fettokorre.jpg 500w\" sizes=\"auto, (max-width: 225px) 100vw, 225px\" \/><\/a><\/p>\n<p>Med tanke p\u00e5 min f\u00f6r tillf\u00e4llet sedent\u00e4ra livsstil s\u00e5 f\u00e5r jag se upp s\u00e5 att jag inte blir s\u00e5h\u00e4r lagom till ny\u00e5r:<\/p>\n<p><a href=\"http:\/\/karin.stampis.com\/blog\/wp-content\/uploads\/2008\/11\/fetkorre.jpg\"><img loading=\"lazy\" decoding=\"async\" class=\"aligncenter size-medium wp-image-563\" title=\"fet korre\" src=\"http:\/\/karin.stampis.com\/blog\/wp-content\/uploads\/2008\/11\/fetkorre-276x300.jpg\" alt=\"\" width=\"276\" height=\"300\" srcset=\"http:\/\/karin.stampis.com\/blog\/wp-content\/uploads\/2008\/11\/fetkorre-276x300.jpg 276w, http:\/\/karin.stampis.com\/blog\/wp-content\/uploads\/2008\/11\/fetkorre.jpg 500w\" sizes=\"auto, (max-width: 276px) 100vw, 276px\" \/><\/a><\/p>\n<p>D\u00e5 f\u00e5r jag ha som ny\u00e5rsl\u00f6fte att tr\u00e4na bort allt igen (som om jag inte har det som ny\u00e5rsl\u00f6fte varje \u00e5r, men \u00e4nd\u00e5&#8230;), s\u00e5 att jag blir s\u00e5h\u00e4r v\u00e4ltr\u00e4nad:<\/p>\n<p><a href=\"http:\/\/karin.stampis.com\/blog\/wp-content\/uploads\/2008\/11\/_-2.jpg\"><img loading=\"lazy\" decoding=\"async\" class=\"aligncenter size-medium wp-image-564\" src=\"http:\/\/karin.stampis.com\/blog\/wp-content\/uploads\/2008\/11\/_-2-280x300.jpg\" alt=\"\" width=\"280\" height=\"300\" srcset=\"http:\/\/karin.stampis.com\/blog\/wp-content\/uploads\/2008\/11\/_-2-280x300.jpg 280w, http:\/\/karin.stampis.com\/blog\/wp-content\/uploads\/2008\/11\/_-2.jpg 936w\" sizes=\"auto, (max-width: 280px) 100vw, 280px\" \/><\/a><\/p>\n","protected":false},"excerpt":{"rendered":"<p>Ikv\u00e4ll ska jag p\u00e5 kusinkv\u00e4ll, det var l\u00e4ngesen sist! Ska kolla in minstingens (hela 5 m\u00e5nader yngre \u00e4n mig \ud83d\ude09 ) nya l\u00e4genhet i Malm\u00f6, ska bli skoj! Underl\u00e4ttar ju f\u00f6r kusinkv\u00e4llarna d\u00e5 alla i kusinkv\u00e4lls-g\u00e4nget bor i Malm\u00f6 nu &hellip; <a href=\"http:\/\/karin.stampis.com\/blog\/?p=560\">Continue reading <span class=\"meta-nav\">&rarr;<\/span><\/a><\/p>\n","protected":false},"author":1,"featured_media":0,"comment_status":"open","ping_status":"open","sticky":false,"template":"","format":"standard","meta":{"footnotes":""},"categories":[65],"tags":[42,90],"class_list":["post-560","post","type-post","status-publish","format-standard","hentry","category-november-2008","tag-god-mat","tag-kusinkvall"],"_links":{"self":[{"href":"http:\/\/karin.stampis.com\/blog\/index.php?rest_route=\/wp\/v2\/posts\/560","targetHints":{"allow":["GET"]}}],"collection":[{"href":"http:\/\/karin.stampis.com\/blog\/index.php?rest_route=\/wp\/v2\/posts"}],"about":[{"href":"http:\/\/karin.stampis.com\/blog\/index.php?rest_route=\/wp\/v2\/types\/post"}],"author":[{"embeddable":true,"href":"http:\/\/karin.stampis.com\/blog\/index.php?rest_route=\/wp\/v2\/users\/1"}],"replies":[{"embeddable":true,"href":"http:\/\/karin.stampis.com\/blog\/index.php?rest_route=%2Fwp%2Fv2%2Fcomments&post=560"}],"version-history":[{"count":4,"href":"http:\/\/karin.stampis.com\/blog\/index.php?rest_route=\/wp\/v2\/posts\/560\/revisions"}],"predecessor-version":[{"id":568,"href":"http:\/\/karin.stampis.com\/blog\/index.php?rest_route=\/wp\/v2\/posts\/560\/revisions\/568"}],"wp:attachment":[{"href":"http:\/\/karin.stampis.com\/blog\/index.php?rest_route=%2Fwp%2Fv2%2Fmedia&parent=560"}],"wp:term":[{"taxonomy":"category","embeddable":true,"href":"http:\/\/karin.stampis.com\/blog\/index.php?rest_route=%2Fwp%2Fv2%2Fcategories&post=560"},{"taxonomy":"post_tag","embeddable":true,"href":"http:\/\/karin.stampis.com\/blog\/index.php?rest_route=%2Fwp%2Fv2%2Ftags&post=560"}],"curies":[{"name":"wp","href":"https:\/\/api.w.org\/{rel}","templated":true}]}}