{"id":573,"date":"2008-11-29T16:01:24","date_gmt":"2008-11-29T14:01:24","guid":{"rendered":"http:\/\/karin.stampis.com\/blog\/?p=573"},"modified":"2009-01-11T20:55:00","modified_gmt":"2009-01-11T18:55:00","slug":"promenad-langs-havet","status":"publish","type":"post","link":"http:\/\/karin.stampis.com\/blog\/?p=573","title":{"rendered":"Promenad l\u00e4ngs havet"},"content":{"rendered":"<p>I f\u00f6rmiddags var jag ute och gick en promenad l\u00e4ngs havet. Var ett v\u00e4ldigt mysigt &#8220;f\u00f6re-regn-h\u00f6stv\u00e4der&#8221;. Tyv\u00e4rr varade inte det v\u00e4dret under hela promenaden, s\u00e5ledes blev det regn p\u00e5 slutet, vilket fortfarande h\u00e5ller i sig ett antal timmar senare&#8230;<\/p>\n<p>Lite bilder:<\/p>\n<p><a href=\"http:\/\/karin.stampis.com\/blog\/wp-content\/uploads\/2008\/11\/picture-986.jpg\"><img loading=\"lazy\" decoding=\"async\" class=\"aligncenter size-medium wp-image-574\" title=\"picture-986\" src=\"http:\/\/karin.stampis.com\/blog\/wp-content\/uploads\/2008\/11\/picture-986-300x168.jpg\" alt=\"\" width=\"300\" height=\"168\" \/><\/a><a href=\"http:\/\/karin.stampis.com\/blog\/wp-content\/uploads\/2008\/11\/picture-991.jpg\"><img loading=\"lazy\" decoding=\"async\" class=\"aligncenter size-medium wp-image-575\" title=\"picture-991\" src=\"http:\/\/karin.stampis.com\/blog\/wp-content\/uploads\/2008\/11\/picture-991-300x171.jpg\" alt=\"\" width=\"300\" height=\"171\" \/><\/a><a href=\"http:\/\/karin.stampis.com\/blog\/wp-content\/uploads\/2008\/11\/picture-993.jpg\"><img loading=\"lazy\" decoding=\"async\" class=\"aligncenter size-medium wp-image-576\" title=\"picture-993\" src=\"http:\/\/karin.stampis.com\/blog\/wp-content\/uploads\/2008\/11\/picture-993-300x168.jpg\" alt=\"\" width=\"300\" height=\"168\" \/><\/a><a href=\"http:\/\/karin.stampis.com\/blog\/wp-content\/uploads\/2008\/11\/picture-989.jpg\"><img loading=\"lazy\" decoding=\"async\" class=\"aligncenter size-medium wp-image-577\" title=\"picture-989\" src=\"http:\/\/karin.stampis.com\/blog\/wp-content\/uploads\/2008\/11\/picture-989-300x169.jpg\" alt=\"\" width=\"300\" height=\"169\" \/><\/a><\/p>\n<p>F\u00f6r alla stadsbor som inte tidigare sett en potatisplockar-maskin s\u00e5 \u00e4r h\u00e4r en informativ bild:<\/p>\n<p><a href=\"http:\/\/karin.stampis.com\/blog\/wp-content\/uploads\/2008\/11\/picture-1016.jpg\"><img loading=\"lazy\" decoding=\"async\" class=\"aligncenter size-medium wp-image-578\" title=\"picture-1016\" src=\"http:\/\/karin.stampis.com\/blog\/wp-content\/uploads\/2008\/11\/picture-1016-300x168.jpg\" alt=\"\" width=\"300\" height=\"168\" \/><\/a><\/p>\n<p>Nuf\u00f6rtiden finns det \u00e4ven regnskydd p\u00e5 den. Vilken lyx &#8211; det var inte uppfunnet p\u00e5 min tid, eller det var iallafall ovanligt&#8230;<\/p>\n","protected":false},"excerpt":{"rendered":"<p>I f\u00f6rmiddags var jag ute och gick en promenad l\u00e4ngs havet. Var ett v\u00e4ldigt mysigt &#8220;f\u00f6re-regn-h\u00f6stv\u00e4der&#8221;. Tyv\u00e4rr varade inte det v\u00e4dret under hela promenaden, s\u00e5ledes blev det regn p\u00e5 slutet, vilket fortfarande h\u00e5ller i sig ett antal timmar senare&#8230; Lite &hellip; <a href=\"http:\/\/karin.stampis.com\/blog\/?p=573\">Continue reading <span class=\"meta-nav\">&rarr;<\/span><\/a><\/p>\n","protected":false},"author":1,"featured_media":0,"comment_status":"open","ping_status":"open","sticky":false,"template":"","format":"standard","meta":{"footnotes":""},"categories":[147,65],"tags":[93,92,70,94,45],"class_list":["post-573","post","type-post","status-publish","format-standard","hentry","category-fotoblogg","category-november-2008","tag-havet","tag-landet","tag-naturbilder","tag-potatisplockar-maskin","tag-promenad"],"_links":{"self":[{"href":"http:\/\/karin.stampis.com\/blog\/index.php?rest_route=\/wp\/v2\/posts\/573","targetHints":{"allow":["GET"]}}],"collection":[{"href":"http:\/\/karin.stampis.com\/blog\/index.php?rest_route=\/wp\/v2\/posts"}],"about":[{"href":"http:\/\/karin.stampis.com\/blog\/index.php?rest_route=\/wp\/v2\/types\/post"}],"author":[{"embeddable":true,"href":"http:\/\/karin.stampis.com\/blog\/index.php?rest_route=\/wp\/v2\/users\/1"}],"replies":[{"embeddable":true,"href":"http:\/\/karin.stampis.com\/blog\/index.php?rest_route=%2Fwp%2Fv2%2Fcomments&post=573"}],"version-history":[{"count":5,"href":"http:\/\/karin.stampis.com\/blog\/index.php?rest_route=\/wp\/v2\/posts\/573\/revisions"}],"predecessor-version":[{"id":1245,"href":"http:\/\/karin.stampis.com\/blog\/index.php?rest_route=\/wp\/v2\/posts\/573\/revisions\/1245"}],"wp:attachment":[{"href":"http:\/\/karin.stampis.com\/blog\/index.php?rest_route=%2Fwp%2Fv2%2Fmedia&parent=573"}],"wp:term":[{"taxonomy":"category","embeddable":true,"href":"http:\/\/karin.stampis.com\/blog\/index.php?rest_route=%2Fwp%2Fv2%2Fcategories&post=573"},{"taxonomy":"post_tag","embeddable":true,"href":"http:\/\/karin.stampis.com\/blog\/index.php?rest_route=%2Fwp%2Fv2%2Ftags&post=573"}],"curies":[{"name":"wp","href":"https:\/\/api.w.org\/{rel}","templated":true}]}}