{"id":583,"date":"2008-11-30T12:08:45","date_gmt":"2008-11-30T10:08:45","guid":{"rendered":"http:\/\/karin.stampis.com\/blog\/?p=583"},"modified":"2008-11-30T12:08:45","modified_gmt":"2008-11-30T10:08:45","slug":"temporar-matte","status":"publish","type":"post","link":"http:\/\/karin.stampis.com\/blog\/?p=583","title":{"rendered":"Tempor\u00e4r matte"},"content":{"rendered":"<p>Idag har jag l\u00e5nat hund en stund \ud83d\ude42 . Jag tog med riessenschnaussern Olga p\u00e5 en promenad. Olga tycker om mig, tror jag. D\u00e5 jag kom in i huset s\u00e5 hoppade hon entusiastiskt upp p\u00e5 mig (hon \u00e4r stoooor s\u00e5 tassarna kan n\u00e5 upp p\u00e5 mina axlar) s\u00e5 jag (lite of\u00f6rberedd p\u00e5 denna k\u00e4nsloyttring) trillade in i en golvmopp. Sen sprang hon gl\u00e4djerundor i huset s\u00e5 katterna sprang upp p\u00e5 ovanv\u00e5ningen och g\u00f6mde sig i f\u00f6rskr\u00e4ckelse av denna galna energi. S\u00e5 tog vi en timmes promenix. Olga \u00e4r mycket stark och drar h\u00e5rt. En g\u00e5ng sprang jag en rush med henne, h\u00e5llande i kopplet, men det v\u00e5gar jag inte g\u00f6ra om &#8211; hon \u00e4r b\u00e5de stark och snabb och jag h\u00f6ll p\u00e5 att snubbla d\u00e5 jag inte h\u00f6ll hennes tempo. S\u00e5 nu promenixade vi och det var trevligt, hon \u00e4r en s\u00e5 fin och trevlig vovve som inte bryr sig om att sk\u00e4lla p\u00e5 andra hundar. D\u00e5 vi kom tillbaks var hon fortfarande entusiastisk och tog kopplet i munnen och sprang runt med det som en galning, och passade p\u00e5 att utdela n\u00e5gra mycket bl\u00f6ta pussar. Trevligt att vara matte lite \ud83d\ude42 .<\/p>\n<p><a href=\"http:\/\/karin.stampis.com\/blog\/wp-content\/uploads\/2008\/11\/picture-1011.jpg\"><img loading=\"lazy\" decoding=\"async\" class=\"aligncenter size-medium wp-image-584\" title=\"picture-1011\" src=\"http:\/\/karin.stampis.com\/blog\/wp-content\/uploads\/2008\/11\/picture-1011-300x168.jpg\" alt=\"\" width=\"300\" height=\"168\" \/><\/a><\/p>\n<p>Olga<\/p>\n<p><a href=\"http:\/\/karin.stampis.com\/blog\/wp-content\/uploads\/2008\/11\/picture-1031.jpg\"><img loading=\"lazy\" decoding=\"async\" class=\"aligncenter size-medium wp-image-585\" title=\"picture-1031\" src=\"http:\/\/karin.stampis.com\/blog\/wp-content\/uploads\/2008\/11\/picture-1031-300x168.jpg\" alt=\"\" width=\"300\" height=\"168\" \/><\/a><\/p>\n<p>En av Olgas sambos, en vacker Turkisk van.<\/p>\n","protected":false},"excerpt":{"rendered":"<p>Idag har jag l\u00e5nat hund en stund \ud83d\ude42 . Jag tog med riessenschnaussern Olga p\u00e5 en promenad. Olga tycker om mig, tror jag. D\u00e5 jag kom in i huset s\u00e5 hoppade hon entusiastiskt upp p\u00e5 mig (hon \u00e4r stoooor s\u00e5 &hellip; <a href=\"http:\/\/karin.stampis.com\/blog\/?p=583\">Continue reading <span class=\"meta-nav\">&rarr;<\/span><\/a><\/p>\n","protected":false},"author":1,"featured_media":0,"comment_status":"open","ping_status":"open","sticky":false,"template":"","format":"standard","meta":{"footnotes":""},"categories":[65],"tags":[27,30],"class_list":["post-583","post","type-post","status-publish","format-standard","hentry","category-november-2008","tag-hund","tag-katt"],"_links":{"self":[{"href":"http:\/\/karin.stampis.com\/blog\/index.php?rest_route=\/wp\/v2\/posts\/583","targetHints":{"allow":["GET"]}}],"collection":[{"href":"http:\/\/karin.stampis.com\/blog\/index.php?rest_route=\/wp\/v2\/posts"}],"about":[{"href":"http:\/\/karin.stampis.com\/blog\/index.php?rest_route=\/wp\/v2\/types\/post"}],"author":[{"embeddable":true,"href":"http:\/\/karin.stampis.com\/blog\/index.php?rest_route=\/wp\/v2\/users\/1"}],"replies":[{"embeddable":true,"href":"http:\/\/karin.stampis.com\/blog\/index.php?rest_route=%2Fwp%2Fv2%2Fcomments&post=583"}],"version-history":[{"count":5,"href":"http:\/\/karin.stampis.com\/blog\/index.php?rest_route=\/wp\/v2\/posts\/583\/revisions"}],"predecessor-version":[{"id":918,"href":"http:\/\/karin.stampis.com\/blog\/index.php?rest_route=\/wp\/v2\/posts\/583\/revisions\/918"}],"wp:attachment":[{"href":"http:\/\/karin.stampis.com\/blog\/index.php?rest_route=%2Fwp%2Fv2%2Fmedia&parent=583"}],"wp:term":[{"taxonomy":"category","embeddable":true,"href":"http:\/\/karin.stampis.com\/blog\/index.php?rest_route=%2Fwp%2Fv2%2Fcategories&post=583"},{"taxonomy":"post_tag","embeddable":true,"href":"http:\/\/karin.stampis.com\/blog\/index.php?rest_route=%2Fwp%2Fv2%2Ftags&post=583"}],"curies":[{"name":"wp","href":"https:\/\/api.w.org\/{rel}","templated":true}]}}