{"id":5837,"date":"2009-11-11T19:21:11","date_gmt":"2009-11-11T18:21:11","guid":{"rendered":"http:\/\/karin.stampis.com\/blog\/?p=5837"},"modified":"2009-11-11T19:22:07","modified_gmt":"2009-11-11T18:22:07","slug":"ny-frissa","status":"publish","type":"post","link":"http:\/\/karin.stampis.com\/blog\/?p=5837","title":{"rendered":"Ny frissa?"},"content":{"rendered":"<p>Nu har jag varit hos frissan &#8211; det var p\u00e5 tiden f\u00f6r det var l\u00e4\u00e4\u00e4\u00e4ngesen sist. Hade s\u00e5 mycket utv\u00e4xt att folk har b\u00f6rjat fr\u00e5ga mig om jag egentligen \u00e4r svarth\u00e5rig. Det \u00e4r jag inte, men h\u00e5ret som f\u00f6r 10 \u00e5r sen var blont blir m\u00f6rkare och m\u00f6rkare f\u00f6r var g\u00e5ng det kommer ny utv\u00e4xt, s\u00e5 om 10 \u00e5r \u00e4r jag kanske svarth\u00e5rig&#8230; Tillbaka till b\u00f6rjan allts\u00e5 &#8211; jag hade kolsvart h\u00e5r d\u00e5 jag f\u00f6ddes.<\/p>\n<p>Den h\u00e4r g\u00e5ngen bad jag fris\u00f6ren om &#8220;det vanliga&#8221; (vilket jag har sagt sen urminnes tider :-p), men n\u00e4sta g\u00e5ng ska det bli n\u00e5got annat. Fris\u00f6ren sa att de frisyrer som passar mig \u00e4r antingen l\u00e5ngt som jag har nu, eller riktigt kort som Charlize Theron.<\/p>\n<p style=\"text-align: center;\"><img loading=\"lazy\" decoding=\"async\" class=\"aligncenter size-medium wp-image-5838\" title=\"celebrity-very-short-hair-cuts-13\" src=\"http:\/\/karin.stampis.com\/blog\/wp-content\/uploads\/2009\/11\/celebrity-very-short-hair-cuts-13-350x360.jpg\" alt=\"celebrity-very-short-hair-cuts-13\" width=\"224\" height=\"230\" srcset=\"http:\/\/karin.stampis.com\/blog\/wp-content\/uploads\/2009\/11\/celebrity-very-short-hair-cuts-13-350x360.jpg 350w, http:\/\/karin.stampis.com\/blog\/wp-content\/uploads\/2009\/11\/celebrity-very-short-hair-cuts-13.jpg 387w\" sizes=\"auto, (max-width: 224px) 100vw, 224px\" \/><\/p>\n<p>Nae, det kommer inte h\u00e4nda&#8230; Jag gillar att ha l\u00e5ngt h\u00e5r, s\u00e5 det f\u00e5r bli en annan f\u00e4rg ist\u00e4llet. Eller kanske \u00e4nd\u00e5, det vanliga \ud83d\ude09\u00a0 &#8230;<\/p>\n","protected":false},"excerpt":{"rendered":"<p>Nu har jag varit hos frissan &#8211; det var p\u00e5 tiden f\u00f6r det var l\u00e4\u00e4\u00e4\u00e4ngesen sist. Hade s\u00e5 mycket utv\u00e4xt att folk har b\u00f6rjat fr\u00e5ga mig om jag egentligen \u00e4r svarth\u00e5rig. Det \u00e4r jag inte, men h\u00e5ret som f\u00f6r 10 &hellip; <a href=\"http:\/\/karin.stampis.com\/blog\/?p=5837\">Continue reading <span class=\"meta-nav\">&rarr;<\/span><\/a><\/p>\n","protected":false},"author":1,"featured_media":0,"comment_status":"open","ping_status":"open","sticky":false,"template":"","format":"standard","meta":{"footnotes":""},"categories":[146,239],"tags":[],"class_list":["post-5837","post","type-post","status-publish","format-standard","hentry","category-146","category-november-2009"],"_links":{"self":[{"href":"http:\/\/karin.stampis.com\/blog\/index.php?rest_route=\/wp\/v2\/posts\/5837","targetHints":{"allow":["GET"]}}],"collection":[{"href":"http:\/\/karin.stampis.com\/blog\/index.php?rest_route=\/wp\/v2\/posts"}],"about":[{"href":"http:\/\/karin.stampis.com\/blog\/index.php?rest_route=\/wp\/v2\/types\/post"}],"author":[{"embeddable":true,"href":"http:\/\/karin.stampis.com\/blog\/index.php?rest_route=\/wp\/v2\/users\/1"}],"replies":[{"embeddable":true,"href":"http:\/\/karin.stampis.com\/blog\/index.php?rest_route=%2Fwp%2Fv2%2Fcomments&post=5837"}],"version-history":[{"count":13,"href":"http:\/\/karin.stampis.com\/blog\/index.php?rest_route=\/wp\/v2\/posts\/5837\/revisions"}],"predecessor-version":[{"id":5851,"href":"http:\/\/karin.stampis.com\/blog\/index.php?rest_route=\/wp\/v2\/posts\/5837\/revisions\/5851"}],"wp:attachment":[{"href":"http:\/\/karin.stampis.com\/blog\/index.php?rest_route=%2Fwp%2Fv2%2Fmedia&parent=5837"}],"wp:term":[{"taxonomy":"category","embeddable":true,"href":"http:\/\/karin.stampis.com\/blog\/index.php?rest_route=%2Fwp%2Fv2%2Fcategories&post=5837"},{"taxonomy":"post_tag","embeddable":true,"href":"http:\/\/karin.stampis.com\/blog\/index.php?rest_route=%2Fwp%2Fv2%2Ftags&post=5837"}],"curies":[{"name":"wp","href":"https:\/\/api.w.org\/{rel}","templated":true}]}}