{"id":5857,"date":"2009-11-14T10:16:20","date_gmt":"2009-11-14T09:16:20","guid":{"rendered":"http:\/\/karin.stampis.com\/blog\/?p=5857"},"modified":"2009-11-14T10:17:36","modified_gmt":"2009-11-14T09:17:36","slug":"nya-vardagsrutiner","status":"publish","type":"post","link":"http:\/\/karin.stampis.com\/blog\/?p=5857","title":{"rendered":"Nya vardagsrutiner"},"content":{"rendered":"<p>Man \u00e4r ibland lite l\u00e5st p\u00e5 sina vardagsrutiner och t\u00e4nker inte p\u00e5 att man kan \u00e4ndra dom till n\u00e5got mer praktiskt och b\u00e4ttre.<\/p>\n<p>Men nu kom jag precis i veckan p\u00e5 att jag ju kunde utnyttja luncherna p\u00e5 jobbet till att bege mig ut och springa. N\u00e5got jag inte har t\u00e4nkt p\u00e5 under alla de \u00e5ren jag har jobbat d\u00e4r :-p &#8230; Ist\u00e4llet har jag ofta missat tr\u00e4ningen eftersom jag varit f\u00f6r tr\u00f6tt d\u00e5 jag kommit hem, men vid lunch \u00e4r man ju lite piggare. Det \u00e4r ju \u00e4nd\u00e5 en halvtimme av dagen som man jobbar extra pga obligatorisk tid som ska dras f\u00f6r lunch, s\u00e5 springer jag en halvtimme, tar en snabb dusch och sen k\u00e4kar vid datorn d\u00e5 jag jobbar har det ju inte tagit n\u00e5gon tid heller \ud83d\ude42 . V\u00e4ldigt praktiskt! Och det \u00e4r r\u00e4tt sk\u00f6nt att komma utomhus och l\u00e4mna skrubben f\u00f6r en liten stund&#8230;<\/p>\n<p>Liknande var det med hemresan fr\u00e5n mina helger p\u00e5 landet. Efter 7-8 \u00e5rs boende i Lund\/Malm\u00f6 kom jag p\u00e5 att man ju faktiskt kan \u00e5ka direkt fr\u00e5n landet till jobbet p\u00e5 m\u00e5ndag morgon, och d\u00e4rmed utnyttja tiden b\u00e4ttre, ist\u00e4llet f\u00f6r att \u00e5ka hem p\u00e5 s\u00f6ndagen&#8230;<\/p>\n<p><img loading=\"lazy\" decoding=\"async\" class=\"aligncenter size-medium wp-image-5860\" title=\"energisk\" src=\"http:\/\/karin.stampis.com\/blog\/wp-content\/uploads\/2009\/11\/energisk-360x298.jpg\" alt=\"energisk\" width=\"360\" height=\"298\" srcset=\"http:\/\/karin.stampis.com\/blog\/wp-content\/uploads\/2009\/11\/energisk-360x298.jpg 360w, http:\/\/karin.stampis.com\/blog\/wp-content\/uploads\/2009\/11\/energisk.jpg 500w\" sizes=\"auto, (max-width: 360px) 100vw, 360px\" \/><em>Sk\u00f6nt att r\u00f6ra <\/em><em>lite <\/em><em>p\u00e5 sig mitt p\u00e5 dagen!<\/em><\/p>\n","protected":false},"excerpt":{"rendered":"<p>Man \u00e4r ibland lite l\u00e5st p\u00e5 sina vardagsrutiner och t\u00e4nker inte p\u00e5 att man kan \u00e4ndra dom till n\u00e5got mer praktiskt och b\u00e4ttre. Men nu kom jag precis i veckan p\u00e5 att jag ju kunde utnyttja luncherna p\u00e5 jobbet till &hellip; <a href=\"http:\/\/karin.stampis.com\/blog\/?p=5857\">Continue reading <span class=\"meta-nav\">&rarr;<\/span><\/a><\/p>\n","protected":false},"author":1,"featured_media":0,"comment_status":"open","ping_status":"open","sticky":false,"template":"","format":"standard","meta":{"footnotes":""},"categories":[146,239],"tags":[128],"class_list":["post-5857","post","type-post","status-publish","format-standard","hentry","category-146","category-november-2009","tag-energikarin"],"_links":{"self":[{"href":"http:\/\/karin.stampis.com\/blog\/index.php?rest_route=\/wp\/v2\/posts\/5857","targetHints":{"allow":["GET"]}}],"collection":[{"href":"http:\/\/karin.stampis.com\/blog\/index.php?rest_route=\/wp\/v2\/posts"}],"about":[{"href":"http:\/\/karin.stampis.com\/blog\/index.php?rest_route=\/wp\/v2\/types\/post"}],"author":[{"embeddable":true,"href":"http:\/\/karin.stampis.com\/blog\/index.php?rest_route=\/wp\/v2\/users\/1"}],"replies":[{"embeddable":true,"href":"http:\/\/karin.stampis.com\/blog\/index.php?rest_route=%2Fwp%2Fv2%2Fcomments&post=5857"}],"version-history":[{"count":9,"href":"http:\/\/karin.stampis.com\/blog\/index.php?rest_route=\/wp\/v2\/posts\/5857\/revisions"}],"predecessor-version":[{"id":5868,"href":"http:\/\/karin.stampis.com\/blog\/index.php?rest_route=\/wp\/v2\/posts\/5857\/revisions\/5868"}],"wp:attachment":[{"href":"http:\/\/karin.stampis.com\/blog\/index.php?rest_route=%2Fwp%2Fv2%2Fmedia&parent=5857"}],"wp:term":[{"taxonomy":"category","embeddable":true,"href":"http:\/\/karin.stampis.com\/blog\/index.php?rest_route=%2Fwp%2Fv2%2Fcategories&post=5857"},{"taxonomy":"post_tag","embeddable":true,"href":"http:\/\/karin.stampis.com\/blog\/index.php?rest_route=%2Fwp%2Fv2%2Ftags&post=5857"}],"curies":[{"name":"wp","href":"https:\/\/api.w.org\/{rel}","templated":true}]}}