{"id":5874,"date":"2009-11-16T16:21:38","date_gmt":"2009-11-16T15:21:38","guid":{"rendered":"http:\/\/karin.stampis.com\/blog\/?p=5874"},"modified":"2009-11-16T11:22:14","modified_gmt":"2009-11-16T10:22:14","slug":"resfeber","status":"publish","type":"post","link":"http:\/\/karin.stampis.com\/blog\/?p=5874","title":{"rendered":"Resfeber"},"content":{"rendered":"<p>Imorgon \u00e4r det dags att \u00e5ka iv\u00e4g p\u00e5 semester. K\u00e4nner, som alltid, av resfebern &#8211; ska man aldrig bli av med den hur mycket man \u00e4n reser?<\/p>\n<p>P\u00e5 s\u00f6ndagen packades det f\u00f6r fullt och idag ska det sista fixas till. Bl.a. att k\u00f6pa en ny v\u00e5g, eftersom den gamla hade lite d\u00e5lig timing med sin d\u00f6dsdag. Eftersom man bara f\u00e5r ha 20 kg <em>inkl<\/em> handbagage s\u00e5 l\u00e4r det beh\u00f6vas v\u00e4gas. Jag flyger mest regulj\u00e4rt, och d\u00e5 \u00e4r det i alla fall 20 kg <em>exkl<\/em> handbagage &#8211; en viss skillnad d\u00e5 min v\u00e4ska brukar landa p\u00e5 runt 19,5 kg (exkl handbagage). S\u00e5 man f\u00e5r klura p\u00e5 vad man beh\u00f6ver ha med.<\/p>\n<p>Ja, det var dagens I-landsproblem \ud83d\ude09 .<\/p>\n<p>S\u00e5 tidigt imorgon morgon b\u00e4r det iv\u00e4g, h\u00e4\u00e4\u00e4rligt! \ud83d\ude42<\/p>\n<p><img loading=\"lazy\" decoding=\"async\" class=\"aligncenter size-full wp-image-5875\" title=\"Destination_457_I_0176767-360x240\" src=\"http:\/\/karin.stampis.com\/blog\/wp-content\/uploads\/2009\/11\/Destination_457_I_0176767-360x240.jpg\" alt=\"Destination_457_I_0176767-360x240\" width=\"360\" height=\"240\" \/><\/p>\n","protected":false},"excerpt":{"rendered":"<p>Imorgon \u00e4r det dags att \u00e5ka iv\u00e4g p\u00e5 semester. K\u00e4nner, som alltid, av resfebern &#8211; ska man aldrig bli av med den hur mycket man \u00e4n reser? P\u00e5 s\u00f6ndagen packades det f\u00f6r fullt och idag ska det sista fixas till. &hellip; <a href=\"http:\/\/karin.stampis.com\/blog\/?p=5874\">Continue reading <span class=\"meta-nav\">&rarr;<\/span><\/a><\/p>\n","protected":false},"author":1,"featured_media":0,"comment_status":"open","ping_status":"open","sticky":false,"template":"","format":"standard","meta":{"footnotes":""},"categories":[146,239],"tags":[240,76],"class_list":["post-5874","post","type-post","status-publish","format-standard","hentry","category-146","category-november-2009","tag-kap-verde","tag-resa"],"_links":{"self":[{"href":"http:\/\/karin.stampis.com\/blog\/index.php?rest_route=\/wp\/v2\/posts\/5874","targetHints":{"allow":["GET"]}}],"collection":[{"href":"http:\/\/karin.stampis.com\/blog\/index.php?rest_route=\/wp\/v2\/posts"}],"about":[{"href":"http:\/\/karin.stampis.com\/blog\/index.php?rest_route=\/wp\/v2\/types\/post"}],"author":[{"embeddable":true,"href":"http:\/\/karin.stampis.com\/blog\/index.php?rest_route=\/wp\/v2\/users\/1"}],"replies":[{"embeddable":true,"href":"http:\/\/karin.stampis.com\/blog\/index.php?rest_route=%2Fwp%2Fv2%2Fcomments&post=5874"}],"version-history":[{"count":4,"href":"http:\/\/karin.stampis.com\/blog\/index.php?rest_route=\/wp\/v2\/posts\/5874\/revisions"}],"predecessor-version":[{"id":5879,"href":"http:\/\/karin.stampis.com\/blog\/index.php?rest_route=\/wp\/v2\/posts\/5874\/revisions\/5879"}],"wp:attachment":[{"href":"http:\/\/karin.stampis.com\/blog\/index.php?rest_route=%2Fwp%2Fv2%2Fmedia&parent=5874"}],"wp:term":[{"taxonomy":"category","embeddable":true,"href":"http:\/\/karin.stampis.com\/blog\/index.php?rest_route=%2Fwp%2Fv2%2Fcategories&post=5874"},{"taxonomy":"post_tag","embeddable":true,"href":"http:\/\/karin.stampis.com\/blog\/index.php?rest_route=%2Fwp%2Fv2%2Ftags&post=5874"}],"curies":[{"name":"wp","href":"https:\/\/api.w.org\/{rel}","templated":true}]}}