{"id":61,"date":"2008-10-14T18:38:35","date_gmt":"2008-10-14T16:38:35","guid":{"rendered":"http:\/\/karin.stampis.com\/blog\/?p=61"},"modified":"2009-01-11T21:09:18","modified_gmt":"2009-01-11T19:09:18","slug":"61","status":"publish","type":"post","link":"http:\/\/karin.stampis.com\/blog\/?p=61","title":{"rendered":"Vacker h\u00f6st"},"content":{"rendered":"<p>Nu k\u00e4nns det att det \u00e4r h\u00f6st, och det tycker jag k\u00e4nns bra! \u00c4r v\u00e4ldigt vackra f\u00e4rger ute nu, och inspirerad av dagens fina v\u00e4der och klara ljus begav jag mig ut f\u00f6r att f\u00f6reviga h\u00f6sten. Lagom tills jag tagit mig hem efter jobbet hade den fina solen s\u00e5klart till mestadelen f\u00f6rsvunnit, men blev endel foton iallafall:<\/p>\n<p><a title=\"003.jpg\" href=\"http:\/\/karin.stampis.com\/blog\/wp-content\/uploads\/2008\/10\/003.jpg\"><img loading=\"lazy\" decoding=\"async\" src=\"http:\/\/karin.stampis.com\/blog\/wp-content\/uploads\/2008\/10\/003.jpg\" alt=\"003.jpg\" width=\"480\" height=\"363\" \/><\/a><\/p>\n<p><a title=\"014.jpg\" href=\"http:\/\/karin.stampis.com\/blog\/wp-content\/uploads\/2008\/10\/014.jpg\"><img loading=\"lazy\" decoding=\"async\" src=\"http:\/\/karin.stampis.com\/blog\/wp-content\/uploads\/2008\/10\/014.jpg\" alt=\"014.jpg\" width=\"459\" height=\"483\" \/><\/a><\/p>\n<p><a title=\"018.jpg\" href=\"http:\/\/karin.stampis.com\/blog\/wp-content\/uploads\/2008\/10\/018.jpg\"><img loading=\"lazy\" decoding=\"async\" src=\"http:\/\/karin.stampis.com\/blog\/wp-content\/uploads\/2008\/10\/018.jpg\" alt=\"018.jpg\" width=\"457\" height=\"346\" \/><\/a><\/p>\n<p><a title=\"025.jpg\" href=\"http:\/\/karin.stampis.com\/blog\/wp-content\/uploads\/2008\/10\/025.jpg\"><img loading=\"lazy\" decoding=\"async\" src=\"http:\/\/karin.stampis.com\/blog\/wp-content\/uploads\/2008\/10\/025.jpg\" alt=\"025.jpg\" width=\"459\" height=\"348\" \/><\/a><\/p>\n<p><a title=\"029.jpg\" href=\"http:\/\/karin.stampis.com\/blog\/wp-content\/uploads\/2008\/10\/029.jpg\"><img loading=\"lazy\" decoding=\"async\" src=\"http:\/\/karin.stampis.com\/blog\/wp-content\/uploads\/2008\/10\/029.jpg\" alt=\"029.jpg\" width=\"470\" height=\"356\" \/><\/a><\/p>\n","protected":false},"excerpt":{"rendered":"<p>Nu k\u00e4nns det att det \u00e4r h\u00f6st, och det tycker jag k\u00e4nns bra! \u00c4r v\u00e4ldigt vackra f\u00e4rger ute nu, och inspirerad av dagens fina v\u00e4der och klara ljus begav jag mig ut f\u00f6r att f\u00f6reviga h\u00f6sten. Lagom tills jag tagit &hellip; <a href=\"http:\/\/karin.stampis.com\/blog\/?p=61\">Continue reading <span class=\"meta-nav\">&rarr;<\/span><\/a><\/p>\n","protected":false},"author":1,"featured_media":0,"comment_status":"open","ping_status":"open","sticky":false,"template":"","format":"standard","meta":{"footnotes":""},"categories":[147,5],"tags":[16,70],"class_list":["post-61","post","type-post","status-publish","format-standard","hentry","category-fotoblogg","category-oktober-2008","tag-host","tag-naturbilder"],"_links":{"self":[{"href":"http:\/\/karin.stampis.com\/blog\/index.php?rest_route=\/wp\/v2\/posts\/61","targetHints":{"allow":["GET"]}}],"collection":[{"href":"http:\/\/karin.stampis.com\/blog\/index.php?rest_route=\/wp\/v2\/posts"}],"about":[{"href":"http:\/\/karin.stampis.com\/blog\/index.php?rest_route=\/wp\/v2\/types\/post"}],"author":[{"embeddable":true,"href":"http:\/\/karin.stampis.com\/blog\/index.php?rest_route=\/wp\/v2\/users\/1"}],"replies":[{"embeddable":true,"href":"http:\/\/karin.stampis.com\/blog\/index.php?rest_route=%2Fwp%2Fv2%2Fcomments&post=61"}],"version-history":[{"count":4,"href":"http:\/\/karin.stampis.com\/blog\/index.php?rest_route=\/wp\/v2\/posts\/61\/revisions"}],"predecessor-version":[{"id":1256,"href":"http:\/\/karin.stampis.com\/blog\/index.php?rest_route=\/wp\/v2\/posts\/61\/revisions\/1256"}],"wp:attachment":[{"href":"http:\/\/karin.stampis.com\/blog\/index.php?rest_route=%2Fwp%2Fv2%2Fmedia&parent=61"}],"wp:term":[{"taxonomy":"category","embeddable":true,"href":"http:\/\/karin.stampis.com\/blog\/index.php?rest_route=%2Fwp%2Fv2%2Fcategories&post=61"},{"taxonomy":"post_tag","embeddable":true,"href":"http:\/\/karin.stampis.com\/blog\/index.php?rest_route=%2Fwp%2Fv2%2Ftags&post=61"}],"curies":[{"name":"wp","href":"https:\/\/api.w.org\/{rel}","templated":true}]}}