{"id":665,"date":"2008-12-06T12:24:03","date_gmt":"2008-12-06T10:24:03","guid":{"rendered":"http:\/\/karin.stampis.com\/blog\/?p=665"},"modified":"2009-01-02T14:50:56","modified_gmt":"2009-01-02T12:50:56","slug":"julfest-enligt-ribbing","status":"publish","type":"post","link":"http:\/\/karin.stampis.com\/blog\/?p=665","title":{"rendered":"Julfest enligt Ribbing?"},"content":{"rendered":"<p>Ig\u00e5r var jag p\u00e5 jobbets julfest. Det var trevligt. Dock s\u00e5 sa en kollega till mig under kv\u00e4llen &#8220;Karin, om du s\u00e4ger en fest \u00e4r trevlig betyder det att du \u00e4r f\u00f6r nykter, att du tycker festen \u00e4r r\u00e4tt tr\u00e5kig plus att du f\u00e5r en massa vuxenpo\u00e4ng&#8221;. Nu \u00e4r denna kollega v\u00e4l 20 \u00e5r \u00e4ldre \u00e4n mig, med ganska mycket fler vuxenpo\u00e4ng och en hel del mer \u00f6l under v\u00e4sten, s\u00e5 han borde v\u00e4l veta \ud83d\ude09 . S\u00e5 jag f\u00e5r lyssna p\u00e5 de \u00e4ldres vishet och t\u00e4nka mig f\u00f6r d\u00e5 jag s\u00e4ger att n\u00e5got \u00e4r trevligt. Det kanske inte \u00e4r trevligt att s\u00e4ga att det var trevligt? Jag kanske skulle konsultera fru Ribbing? Hon skrev iallafall om jobb-julfest p\u00e5 DN idag. S\u00e5 d\u00e5 kan jag passa p\u00e5 att ta en utv\u00e4rdering om jag uppf\u00f6rde mig korrekt:<\/p>\n<p><strong>Fr\u00e5ga till Magdalena Ribbing:<\/strong> \u00c4r det okej bli onykter p\u00e5 julfest p\u00e5 jobbet?<\/p>\n<p><strong>Svar fr\u00e5n Magdalena<\/strong><strong>: <\/strong> <span class=\"text\">Passa dig noga! Drick inte mer \u00e4n minimalt! Inte en millimeter onykterhet! <\/span><\/p>\n<p><em>Utv\u00e4rdering: <\/em>Drack lite vin s\u00e5 n\u00e5gon millimeter onykterhet var det nog men inte m\u00e5nga millimetrar, k\u00e4nde inte direkt av n\u00e5got. Borde v\u00e4l vara OK.<\/p>\n<p><strong><span class=\"text\">Kl\u00e4 dig diskretast m\u00f6jligt, hygglig kostym med julslips kan nog passa. <\/span><\/strong><\/p>\n<p><em>Utv\u00e4rdering:<\/em><strong> <\/strong>Ajd\u00e5, jag hade inte kostym med julslips. Men det hade ingen av m\u00e4nnen p\u00e5 festen heller. S\u00e5 det borde vara OK. Jag hade p\u00e5 mig samma kl\u00e4der som under inl\u00e4gget &#8220;Brasse-fest&#8221; (http:\/\/karin.stampis.com\/blog\/?p=519). Magdalena sa inget om u-ringningar s\u00e5 jag checkar den som okej is\u00e5fall.<\/p>\n<p><strong><span class=\"text\">H\u00e5ll dig undan allt skvaller, svara undvikande om du f\u00e5r fr\u00e5gor om vad du tycker om chefen. kolleger, f\u00f6retaget, personal, aff\u00e4rer osv. S\u00e4g enbart v\u00e4nligheter, inte ett kritiskt ord. <\/span><\/strong><\/p>\n<p><em>Utv\u00e4rdering: <\/em>H\u00e5lla sig undan skvaller? Vad ska folk d\u00e5 prata om p\u00e5 jobb-julfester :-p ? Forskning eller?? Men \u00e4rligt talat s\u00e5 finns det knappt n\u00e5got skvaller p\u00e5 v\u00e5rt jobb, och finns det det s\u00e5 missar jag allt (eller \u00e4r det mig dom skvallrar om? \ud83d\ude09 ). Och nej, jag f\u00e5r inga fr\u00e5gor vad jag tycker om chefen. Jag tycker min chef \u00e4r schysst.<\/p>\n<p><strong><span class=\"text\">Obs. inget h\u00e5ngel med n\u00e5gon.<\/span><\/strong><em><span class=\"text\"><br \/>\n<\/span><\/em><\/p>\n<p><span class=\"text\"><em>Utv\u00e4rdering:<\/em><strong> <\/strong>Hahaha&#8230;nej knappast. Fast det hade iochf\u00f6rsig varit skoj om n\u00e5gra hade h\u00e5nglat n\u00e5gon g\u00e5ng p\u00e5 jobb-festerna,hehe \ud83d\ude09 ! Men det \u00e4r INTE min grej att ta tag i.<br \/>\n<\/span><\/p>\n<p><span class=\"text\"><strong>G\u00e5 hem i tid med vilket menas innan gryningen. <\/strong><\/span><\/p>\n<p><em>Utv\u00e4rdering:<\/em> Jag gick hem vid 12 s\u00e5 det borde vara ok!<\/p>\n<p><span class=\"text\"><strong>Tacka chefen f\u00f6r en j\u00e4ttekul fest dagen d\u00e4rp\u00e5.<\/strong><br \/>\n<\/span><\/p>\n<p><span class=\"text\"><em>Utv\u00e4rdering:<\/em><strong> <\/strong>Vadd\u00e5, det var ju vi doktorander som ordnade den! Men chefen har redan tackat oss f\u00f6r det s\u00e5 chefen f\u00e5r OK.<\/span><\/p>\n<p><strong><span class=\"text\">Slutkommentar Magdalena: Julfesten 2009 blir mycket roligare. D\u00e5 vet du mer och kan hantera situationen efter f\u00f6rst\u00e5nd.<\/span><\/strong><\/p>\n<p><em>Utv\u00e4rdering: <\/em>Jojo, man skulle tydligen s\u00e4ga roligt och inte trevligt.<\/p>\n<p><a href=\"http:\/\/karin.stampis.com\/blog\/wp-content\/uploads\/2008\/12\/magdalena.jpeg\"><img loading=\"lazy\" decoding=\"async\" class=\"aligncenter size-medium wp-image-666\" title=\"magdalena\" src=\"http:\/\/karin.stampis.com\/blog\/wp-content\/uploads\/2008\/12\/magdalena.jpeg\" alt=\"\" width=\"130\" height=\"129\" \/><\/a><\/p>\n<p><em>Mer \u00e4n en millimeter onykterhet f\u00f6r Magdalena Ribbing p\u00e5 bilden?<\/em><\/p>\n","protected":false},"excerpt":{"rendered":"<p>Ig\u00e5r var jag p\u00e5 jobbets julfest. Det var trevligt. Dock s\u00e5 sa en kollega till mig under kv\u00e4llen &#8220;Karin, om du s\u00e4ger en fest \u00e4r trevlig betyder det att du \u00e4r f\u00f6r nykter, att du tycker festen \u00e4r r\u00e4tt tr\u00e5kig &hellip; <a href=\"http:\/\/karin.stampis.com\/blog\/?p=665\">Continue reading <span class=\"meta-nav\">&rarr;<\/span><\/a><\/p>\n","protected":false},"author":1,"featured_media":0,"comment_status":"open","ping_status":"open","sticky":false,"template":"","format":"standard","meta":{"footnotes":""},"categories":[95],"tags":[20],"class_list":["post-665","post","type-post","status-publish","format-standard","hentry","category-december-2008","tag-fest"],"_links":{"self":[{"href":"http:\/\/karin.stampis.com\/blog\/index.php?rest_route=\/wp\/v2\/posts\/665","targetHints":{"allow":["GET"]}}],"collection":[{"href":"http:\/\/karin.stampis.com\/blog\/index.php?rest_route=\/wp\/v2\/posts"}],"about":[{"href":"http:\/\/karin.stampis.com\/blog\/index.php?rest_route=\/wp\/v2\/types\/post"}],"author":[{"embeddable":true,"href":"http:\/\/karin.stampis.com\/blog\/index.php?rest_route=\/wp\/v2\/users\/1"}],"replies":[{"embeddable":true,"href":"http:\/\/karin.stampis.com\/blog\/index.php?rest_route=%2Fwp%2Fv2%2Fcomments&post=665"}],"version-history":[{"count":7,"href":"http:\/\/karin.stampis.com\/blog\/index.php?rest_route=\/wp\/v2\/posts\/665\/revisions"}],"predecessor-version":[{"id":671,"href":"http:\/\/karin.stampis.com\/blog\/index.php?rest_route=\/wp\/v2\/posts\/665\/revisions\/671"}],"wp:attachment":[{"href":"http:\/\/karin.stampis.com\/blog\/index.php?rest_route=%2Fwp%2Fv2%2Fmedia&parent=665"}],"wp:term":[{"taxonomy":"category","embeddable":true,"href":"http:\/\/karin.stampis.com\/blog\/index.php?rest_route=%2Fwp%2Fv2%2Fcategories&post=665"},{"taxonomy":"post_tag","embeddable":true,"href":"http:\/\/karin.stampis.com\/blog\/index.php?rest_route=%2Fwp%2Fv2%2Ftags&post=665"}],"curies":[{"name":"wp","href":"https:\/\/api.w.org\/{rel}","templated":true}]}}