{"id":6839,"date":"2010-03-02T21:59:28","date_gmt":"2010-03-02T20:59:28","guid":{"rendered":"http:\/\/karin.stampis.com\/blog\/?p=6839"},"modified":"2010-03-02T22:12:45","modified_gmt":"2010-03-02T21:12:45","slug":"synsk","status":"publish","type":"post","link":"http:\/\/karin.stampis.com\/blog\/?p=6839","title":{"rendered":"Synsk?"},"content":{"rendered":"<p>Ig\u00e5r d\u00e5 jag \u00e5kte buss till jobbet tittade jag ut genom f\u00f6nstret och s\u00e5g AstraZenecas byggnader. D\u00e5 t\u00e4nkte jag att AstraZeneca i Lund \u00e4r v\u00e4ldigt stort, och funderade vidare p\u00e5 vilka konsekvenser det skulle bli om dom skulle f\u00e5 f\u00f6r sig att l\u00e4gga ner det. Stora konsekvenser. Avslutade min tankebana med att de f\u00f6rhoppningsvis inte skulle g\u00f6ra det. Eftersom Lund har s\u00e5 himla mycket kompetent folk inom det omr\u00e5det s\u00e5 hade det ju varit r\u00e4tt korkat. Trots att jag har \u00e5kt f\u00f6rbi AstraZeneca varje dag i 5 \u00e5r s\u00e5 har jag aldrig tidigare t\u00e4nkt tanken att det skulle kunna l\u00e4ggas ner.<\/p>\n<p>Hade nog inte funderat mer p\u00e5 detta om det inte hade st\u00e5tt i tidningen dagen efter att de faktiskt skulle l\u00e4gga ner :(. Nu blev jag lite r\u00e4dd f\u00f6r mig sj\u00e4lv, f\u00e5r se till att inte t\u00e4nka n\u00e5gra andra d\u00e5liga tankar om jag \u00e4r s\u00e5 synsk :-p.<\/p>\n<p>\u00c4r 900 pers som jobbar d\u00e4r. Sen \u00e4r det ju ocks\u00e5 ett antal som varslats tidigare p\u00e5 andra f\u00f6retag i Lund, t.ex. i makens bransch. S\u00e5 personligen k\u00e4nner jag mig v\u00e4\u00e4\u00e4\u00e4ldigt l\u00e4ttad \u00f6ver att vi inte k\u00f6pte n\u00e5got hus i somras d\u00e5 v\u00e5ra branscher \u00e4r r\u00e4tt kluriga nu, och blir jag arbetsl\u00f6s efter disputationen k\u00e4nns ju jobbl\u00e4get inte helt enkelt&#8230;<\/p>\n","protected":false},"excerpt":{"rendered":"<p>Ig\u00e5r d\u00e5 jag \u00e5kte buss till jobbet tittade jag ut genom f\u00f6nstret och s\u00e5g AstraZenecas byggnader. D\u00e5 t\u00e4nkte jag att AstraZeneca i Lund \u00e4r v\u00e4ldigt stort, och funderade vidare p\u00e5 vilka konsekvenser det skulle bli om dom skulle f\u00e5 f\u00f6r &hellip; <a href=\"http:\/\/karin.stampis.com\/blog\/?p=6839\">Continue reading <span class=\"meta-nav\">&rarr;<\/span><\/a><\/p>\n","protected":false},"author":1,"featured_media":0,"comment_status":"open","ping_status":"open","sticky":false,"template":"","format":"standard","meta":{"footnotes":""},"categories":[245,250],"tags":[],"class_list":["post-6839","post","type-post","status-publish","format-standard","hentry","category-245","category-mars-2010"],"_links":{"self":[{"href":"http:\/\/karin.stampis.com\/blog\/index.php?rest_route=\/wp\/v2\/posts\/6839","targetHints":{"allow":["GET"]}}],"collection":[{"href":"http:\/\/karin.stampis.com\/blog\/index.php?rest_route=\/wp\/v2\/posts"}],"about":[{"href":"http:\/\/karin.stampis.com\/blog\/index.php?rest_route=\/wp\/v2\/types\/post"}],"author":[{"embeddable":true,"href":"http:\/\/karin.stampis.com\/blog\/index.php?rest_route=\/wp\/v2\/users\/1"}],"replies":[{"embeddable":true,"href":"http:\/\/karin.stampis.com\/blog\/index.php?rest_route=%2Fwp%2Fv2%2Fcomments&post=6839"}],"version-history":[{"count":11,"href":"http:\/\/karin.stampis.com\/blog\/index.php?rest_route=\/wp\/v2\/posts\/6839\/revisions"}],"predecessor-version":[{"id":6846,"href":"http:\/\/karin.stampis.com\/blog\/index.php?rest_route=\/wp\/v2\/posts\/6839\/revisions\/6846"}],"wp:attachment":[{"href":"http:\/\/karin.stampis.com\/blog\/index.php?rest_route=%2Fwp%2Fv2%2Fmedia&parent=6839"}],"wp:term":[{"taxonomy":"category","embeddable":true,"href":"http:\/\/karin.stampis.com\/blog\/index.php?rest_route=%2Fwp%2Fv2%2Fcategories&post=6839"},{"taxonomy":"post_tag","embeddable":true,"href":"http:\/\/karin.stampis.com\/blog\/index.php?rest_route=%2Fwp%2Fv2%2Ftags&post=6839"}],"curies":[{"name":"wp","href":"https:\/\/api.w.org\/{rel}","templated":true}]}}