{"id":699,"date":"2008-12-09T18:17:45","date_gmt":"2008-12-09T16:17:45","guid":{"rendered":"http:\/\/karin.stampis.com\/blog\/?p=699"},"modified":"2008-12-09T18:18:20","modified_gmt":"2008-12-09T16:18:20","slug":"godis","status":"publish","type":"post","link":"http:\/\/karin.stampis.com\/blog\/?p=699","title":{"rendered":"Godis&#8230;"},"content":{"rendered":"<p>I fredags var det julfest p\u00e5 jobbet. Det hade k\u00f6pts gigantiska m\u00e4ngder godis till detta, varav ganska mycket inte blev upp\u00e4tet (eftersom det var v\u00e4ldigt mycket mat att \u00e4ta d\u00e4r ocks\u00e5). S\u00e5 det godiset har nu flyttat fr\u00e5n festlokalen till jobbet. En sk\u00e5l med godis fl\u00f6g in i mitt rum. Den sk\u00e5len \u00e4r elak, f\u00f6r den har \u00f6gon och stirrar p\u00e5 mig! Och d\u00e5 \u00e4r det sv\u00e5rt att inte ge den uppm\u00e4rksamhet&#8230; Samma g\u00e4ller lunchrummet, d\u00e4r finns mer godis, ostb\u00e5gar, pepparkakor m.m, och jag tycker alla sk\u00e5lar stirrar p\u00e5 mig och tigger uppm\u00e4rkssamhet, brrr! Den enda som \u00e4r lite modest i lunchrummet nu \u00e4r fruktkorgen. Men godiset stirrade nog p\u00e5 fler \u00e4n mig f\u00f6r d\u00e5 jag kom ner i lunchrummet i eftermiddags var n\u00e4stan alla (mycket stora) sk\u00e5lar t\u00f6mda. Sk\u00f6nt, s\u00e5 slipper jag ta p\u00e5 mig denna uppgiften :-p .<\/p>\n<p><a href=\"http:\/\/karin.stampis.com\/blog\/wp-content\/uploads\/2008\/12\/2.jpg\"><img loading=\"lazy\" decoding=\"async\" class=\"aligncenter size-medium wp-image-700\" title=\"2\" src=\"http:\/\/karin.stampis.com\/blog\/wp-content\/uploads\/2008\/12\/2-300x240.jpg\" alt=\"\" width=\"300\" height=\"240\" srcset=\"http:\/\/karin.stampis.com\/blog\/wp-content\/uploads\/2008\/12\/2-300x240.jpg 300w, http:\/\/karin.stampis.com\/blog\/wp-content\/uploads\/2008\/12\/2.jpg 1000w\" sizes=\"auto, (max-width: 300px) 100vw, 300px\" \/><\/a><\/p>\n","protected":false},"excerpt":{"rendered":"<p>I fredags var det julfest p\u00e5 jobbet. Det hade k\u00f6pts gigantiska m\u00e4ngder godis till detta, varav ganska mycket inte blev upp\u00e4tet (eftersom det var v\u00e4ldigt mycket mat att \u00e4ta d\u00e4r ocks\u00e5). S\u00e5 det godiset har nu flyttat fr\u00e5n festlokalen till &hellip; <a href=\"http:\/\/karin.stampis.com\/blog\/?p=699\">Continue reading <span class=\"meta-nav\">&rarr;<\/span><\/a><\/p>\n","protected":false},"author":1,"featured_media":0,"comment_status":"open","ping_status":"open","sticky":false,"template":"","format":"standard","meta":{"footnotes":""},"categories":[95],"tags":[111],"class_list":["post-699","post","type-post","status-publish","format-standard","hentry","category-december-2008","tag-godis"],"_links":{"self":[{"href":"http:\/\/karin.stampis.com\/blog\/index.php?rest_route=\/wp\/v2\/posts\/699","targetHints":{"allow":["GET"]}}],"collection":[{"href":"http:\/\/karin.stampis.com\/blog\/index.php?rest_route=\/wp\/v2\/posts"}],"about":[{"href":"http:\/\/karin.stampis.com\/blog\/index.php?rest_route=\/wp\/v2\/types\/post"}],"author":[{"embeddable":true,"href":"http:\/\/karin.stampis.com\/blog\/index.php?rest_route=\/wp\/v2\/users\/1"}],"replies":[{"embeddable":true,"href":"http:\/\/karin.stampis.com\/blog\/index.php?rest_route=%2Fwp%2Fv2%2Fcomments&post=699"}],"version-history":[{"count":5,"href":"http:\/\/karin.stampis.com\/blog\/index.php?rest_route=\/wp\/v2\/posts\/699\/revisions"}],"predecessor-version":[{"id":705,"href":"http:\/\/karin.stampis.com\/blog\/index.php?rest_route=\/wp\/v2\/posts\/699\/revisions\/705"}],"wp:attachment":[{"href":"http:\/\/karin.stampis.com\/blog\/index.php?rest_route=%2Fwp%2Fv2%2Fmedia&parent=699"}],"wp:term":[{"taxonomy":"category","embeddable":true,"href":"http:\/\/karin.stampis.com\/blog\/index.php?rest_route=%2Fwp%2Fv2%2Fcategories&post=699"},{"taxonomy":"post_tag","embeddable":true,"href":"http:\/\/karin.stampis.com\/blog\/index.php?rest_route=%2Fwp%2Fv2%2Ftags&post=699"}],"curies":[{"name":"wp","href":"https:\/\/api.w.org\/{rel}","templated":true}]}}