{"id":7027,"date":"2010-03-19T16:08:46","date_gmt":"2010-03-19T15:08:46","guid":{"rendered":"http:\/\/karin.stampis.com\/blog\/?p=7027"},"modified":"2012-01-01T17:41:54","modified_gmt":"2012-01-01T15:41:54","slug":"forhoppningsvis-frisk-fredag","status":"publish","type":"post","link":"http:\/\/karin.stampis.com\/blog\/?p=7027","title":{"rendered":"(f\u00f6rhoppningsvis) frisk fredag"},"content":{"rendered":"<p>Efter att f\u00e5tt ett bakslag i mitt tillfrisknande under g\u00e5rdagen, d\u00e5 jag k\u00e4nde mig helt m\u00f6rbultad med feber och ont i huvud och leder, s\u00e5 k\u00e4nner jag mig mycket b\u00e4ttre idag :). Har jobbat h\u00e5rt p\u00e5 att \u00e5terst\u00e4lla v\u00e4tske- och salt-balansen (den sistn\u00e4mnda dock mest med saltlakrits). Dock \u00e4r de st\u00f6riga utslagen fortfarande kvar, verkar som att jag f\u00e5r dras med dom ett tag.<\/p>\n<p>Sk\u00f6nt att det \u00e4r fredag, men samtidigt k\u00e4nns inte fredags-k\u00e4nslan lika h\u00e4rlig som den g\u00f6r d\u00e5 man varit p\u00e5 jobbet under veckan. Helgplanerna har \u00e4ndrats, b\u00e4st att stanna hemma tills man s\u00e4kert k\u00e4nner sig helt frisk.<\/p>\n<p>Idag var det f\u00f6rsta g\u00e5ngen p\u00e5 en vecka som jag var utomhus i mer \u00e4n 5 minuter. Gick en promenad i parken och m\u00e4rkte att det kommit upp en del v\u00e5rblommor \ud83d\ude42 . Dock var det flera veckor sen jag var ute och gick i parken eftersom jag ju varit bortrest+sjuk, s\u00e5 blommorna har kanske funnits d\u00e4r ett tag redan.<\/p>\n<p><img loading=\"lazy\" decoding=\"async\" class=\"aligncenter size-full wp-image-7030\" title=\"220px-Tussilago_farfara_\" src=\"http:\/\/karin.stampis.com\/blog\/wp-content\/uploads\/2010\/03\/220px-Tussilago_farfara_.jpg\" alt=\"\" width=\"220\" height=\"165\" \/><\/p>\n","protected":false},"excerpt":{"rendered":"<p>Efter att f\u00e5tt ett bakslag i mitt tillfrisknande under g\u00e5rdagen, d\u00e5 jag k\u00e4nde mig helt m\u00f6rbultad med feber och ont i huvud och leder, s\u00e5 k\u00e4nner jag mig mycket b\u00e4ttre idag :). Har jobbat h\u00e5rt p\u00e5 att \u00e5terst\u00e4lla v\u00e4tske- och &hellip; <a href=\"http:\/\/karin.stampis.com\/blog\/?p=7027\">Continue reading <span class=\"meta-nav\">&rarr;<\/span><\/a><\/p>\n","protected":false},"author":1,"featured_media":0,"comment_status":"open","ping_status":"open","sticky":false,"template":"","format":"standard","meta":{"footnotes":""},"categories":[245,250],"tags":[79],"class_list":["post-7027","post","type-post","status-publish","format-standard","hentry","category-245","category-mars-2010","tag-blommor"],"_links":{"self":[{"href":"http:\/\/karin.stampis.com\/blog\/index.php?rest_route=\/wp\/v2\/posts\/7027","targetHints":{"allow":["GET"]}}],"collection":[{"href":"http:\/\/karin.stampis.com\/blog\/index.php?rest_route=\/wp\/v2\/posts"}],"about":[{"href":"http:\/\/karin.stampis.com\/blog\/index.php?rest_route=\/wp\/v2\/types\/post"}],"author":[{"embeddable":true,"href":"http:\/\/karin.stampis.com\/blog\/index.php?rest_route=\/wp\/v2\/users\/1"}],"replies":[{"embeddable":true,"href":"http:\/\/karin.stampis.com\/blog\/index.php?rest_route=%2Fwp%2Fv2%2Fcomments&post=7027"}],"version-history":[{"count":7,"href":"http:\/\/karin.stampis.com\/blog\/index.php?rest_route=\/wp\/v2\/posts\/7027\/revisions"}],"predecessor-version":[{"id":11356,"href":"http:\/\/karin.stampis.com\/blog\/index.php?rest_route=\/wp\/v2\/posts\/7027\/revisions\/11356"}],"wp:attachment":[{"href":"http:\/\/karin.stampis.com\/blog\/index.php?rest_route=%2Fwp%2Fv2%2Fmedia&parent=7027"}],"wp:term":[{"taxonomy":"category","embeddable":true,"href":"http:\/\/karin.stampis.com\/blog\/index.php?rest_route=%2Fwp%2Fv2%2Fcategories&post=7027"},{"taxonomy":"post_tag","embeddable":true,"href":"http:\/\/karin.stampis.com\/blog\/index.php?rest_route=%2Fwp%2Fv2%2Ftags&post=7027"}],"curies":[{"name":"wp","href":"https:\/\/api.w.org\/{rel}","templated":true}]}}