{"id":7044,"date":"2010-03-21T14:05:50","date_gmt":"2010-03-21T13:05:50","guid":{"rendered":"http:\/\/karin.stampis.com\/blog\/?p=7044"},"modified":"2010-03-24T21:24:52","modified_gmt":"2010-03-24T20:24:52","slug":"arets-forsta-malmo-utefika","status":"publish","type":"post","link":"http:\/\/karin.stampis.com\/blog\/?p=7044","title":{"rendered":"\u00c5rets f\u00f6rsta Malm\u00f6-utefika"},"content":{"rendered":"<p>Idag begav vi oss iv\u00e4g p\u00e5 en l\u00e5ngpromenad f\u00f6ljt av \u00e5rets f\u00f6rsta utefika i Malm\u00f6. Jag har ju fikat ute tidigare i \u00e5r d\u00e5 jag var i Aten, och vi har faktiskt fikat ute \u00e4ven i Sverige i \u00e5r, redan den <a href=\"http:\/\/karin.stampis.com\/blog\/?m=20100125\">25:e Januari<\/a>. Men g\u00e4llande utefika i Malm\u00f6 s\u00e5 var det \u00e5rspremi\u00e4r. Det s\u00e5g soligt och v\u00e5rigt ut idag, men skenet kan bedra \u2014 det var bl\u00e5sigt och r\u00e4tt s\u00e5 bistert! Men finns det vilja s\u00e5 \ud83d\ude09 . Det var mysigt trots att man huttrade lite, och det varma kaffet gick \u00e5t snabbt!<\/p>\n<p><img loading=\"lazy\" decoding=\"async\" class=\"aligncenter size-medium wp-image-7046\" title=\"IMG_7616\" src=\"http:\/\/karin.stampis.com\/blog\/wp-content\/uploads\/2010\/03\/IMG_7616-360x270.jpg\" alt=\"\" width=\"360\" height=\"270\" srcset=\"http:\/\/karin.stampis.com\/blog\/wp-content\/uploads\/2010\/03\/IMG_7616-360x270.jpg 360w, http:\/\/karin.stampis.com\/blog\/wp-content\/uploads\/2010\/03\/IMG_7616-1024x768.jpg 1024w\" sizes=\"auto, (max-width: 360px) 100vw, 360px\" \/><\/p>\n<p><img loading=\"lazy\" decoding=\"async\" class=\"aligncenter size-medium wp-image-7047\" title=\"IMG_7611\" src=\"http:\/\/karin.stampis.com\/blog\/wp-content\/uploads\/2010\/03\/IMG_7611-360x275.jpg\" alt=\"\" width=\"360\" height=\"275\" srcset=\"http:\/\/karin.stampis.com\/blog\/wp-content\/uploads\/2010\/03\/IMG_7611-360x275.jpg 360w, http:\/\/karin.stampis.com\/blog\/wp-content\/uploads\/2010\/03\/IMG_7611-1024x785.jpg 1024w\" sizes=\"auto, (max-width: 360px) 100vw, 360px\" \/><\/p>\n","protected":false},"excerpt":{"rendered":"<p>Idag begav vi oss iv\u00e4g p\u00e5 en l\u00e5ngpromenad f\u00f6ljt av \u00e5rets f\u00f6rsta utefika i Malm\u00f6. Jag har ju fikat ute tidigare i \u00e5r d\u00e5 jag var i Aten, och vi har faktiskt fikat ute \u00e4ven i Sverige i \u00e5r, redan &hellip; <a href=\"http:\/\/karin.stampis.com\/blog\/?p=7044\">Continue reading <span class=\"meta-nav\">&rarr;<\/span><\/a><\/p>\n","protected":false},"author":1,"featured_media":0,"comment_status":"open","ping_status":"open","sticky":false,"template":"","format":"standard","meta":{"footnotes":""},"categories":[245,250],"tags":[88],"class_list":["post-7044","post","type-post","status-publish","format-standard","hentry","category-245","category-mars-2010","tag-fika"],"_links":{"self":[{"href":"http:\/\/karin.stampis.com\/blog\/index.php?rest_route=\/wp\/v2\/posts\/7044","targetHints":{"allow":["GET"]}}],"collection":[{"href":"http:\/\/karin.stampis.com\/blog\/index.php?rest_route=\/wp\/v2\/posts"}],"about":[{"href":"http:\/\/karin.stampis.com\/blog\/index.php?rest_route=\/wp\/v2\/types\/post"}],"author":[{"embeddable":true,"href":"http:\/\/karin.stampis.com\/blog\/index.php?rest_route=\/wp\/v2\/users\/1"}],"replies":[{"embeddable":true,"href":"http:\/\/karin.stampis.com\/blog\/index.php?rest_route=%2Fwp%2Fv2%2Fcomments&post=7044"}],"version-history":[{"count":8,"href":"http:\/\/karin.stampis.com\/blog\/index.php?rest_route=\/wp\/v2\/posts\/7044\/revisions"}],"predecessor-version":[{"id":7053,"href":"http:\/\/karin.stampis.com\/blog\/index.php?rest_route=\/wp\/v2\/posts\/7044\/revisions\/7053"}],"wp:attachment":[{"href":"http:\/\/karin.stampis.com\/blog\/index.php?rest_route=%2Fwp%2Fv2%2Fmedia&parent=7044"}],"wp:term":[{"taxonomy":"category","embeddable":true,"href":"http:\/\/karin.stampis.com\/blog\/index.php?rest_route=%2Fwp%2Fv2%2Fcategories&post=7044"},{"taxonomy":"post_tag","embeddable":true,"href":"http:\/\/karin.stampis.com\/blog\/index.php?rest_route=%2Fwp%2Fv2%2Ftags&post=7044"}],"curies":[{"name":"wp","href":"https:\/\/api.w.org\/{rel}","templated":true}]}}