{"id":7069,"date":"2010-03-24T20:18:48","date_gmt":"2010-03-24T19:18:48","guid":{"rendered":"http:\/\/karin.stampis.com\/blog\/?p=7069"},"modified":"2010-03-24T20:20:25","modified_gmt":"2010-03-24T19:20:25","slug":"lilla-kafferosteriet","status":"publish","type":"post","link":"http:\/\/karin.stampis.com\/blog\/?p=7069","title":{"rendered":"Lilla kafferosteriet"},"content":{"rendered":"<p>P\u00e5 v\u00e4gen till och fr\u00e5n centrum\/parken brukar vi alltid passera Lilla kafferosteriet. Har tyckt att det har sett himla mysigt ut d\u00e4r, men deras \u00f6ppet-tider korrelerar inte riktigt med v\u00e5ra promenad\/fika-tider (och d\u00e4r verkar alltid vara s\u00e5 fullt p\u00e5 helger). Men idag best\u00e4mde vi oss f\u00f6r att g\u00f6ra slag i saken och gav oss ut tidigare \u00e4n vad vi brukar och tog en fika d\u00e4r. Mycket trevligt! De hade en mysig &#8220;hemma-hos&#8221; inredning. Dock m\u00e4rkte vi sen att vi hade satt oss i deras privata medlemsavdelning, ooops. P\u00e5 de andra delarna hade de ju inte soffa etc. men det s\u00e5g helt ok ut \u00e4nd\u00e5. Mat och kaffe var riktigt mumsigt, och chokladbollen var en h\u00f6jdare, klart b\u00e4ttre \u00e4n Espressos! S\u00e5 summa summarum ett mycket bra fikast\u00e4lle, synd bara att de inte har \u00f6ppet l\u00e4ngre p\u00e5 kv\u00e4llarna.<\/p>\n<p>Vi sa att vi skulle bli b\u00e4ttre p\u00e5 att ta oss ut och fika i v\u00e5r, och nu har vi ju lyckats r\u00e4tt bra &#8211; 3 caf\u00e9bes\u00f6k p\u00e5 5 dagar!<\/p>\n<p>Sen blev det en timmes promenix i parken och till Ribban vid skymningstid, najs!<\/p>\n<p><img loading=\"lazy\" decoding=\"async\" class=\"aligncenter size-medium wp-image-7070\" title=\"DSC_0095\" src=\"http:\/\/karin.stampis.com\/blog\/wp-content\/uploads\/2010\/03\/DSC_0095-360x258.jpg\" alt=\"\" width=\"360\" height=\"258\" srcset=\"http:\/\/karin.stampis.com\/blog\/wp-content\/uploads\/2010\/03\/DSC_0095-360x258.jpg 360w, http:\/\/karin.stampis.com\/blog\/wp-content\/uploads\/2010\/03\/DSC_0095-1024x736.jpg 1024w\" sizes=\"auto, (max-width: 360px) 100vw, 360px\" \/><\/p>\n<p><img loading=\"lazy\" decoding=\"async\" class=\"aligncenter size-medium wp-image-7076\" title=\"DSC_0097\" src=\"http:\/\/karin.stampis.com\/blog\/wp-content\/uploads\/2010\/03\/DSC_0097-360x299.jpg\" alt=\"\" width=\"360\" height=\"299\" srcset=\"http:\/\/karin.stampis.com\/blog\/wp-content\/uploads\/2010\/03\/DSC_0097-360x299.jpg 360w, http:\/\/karin.stampis.com\/blog\/wp-content\/uploads\/2010\/03\/DSC_0097-1024x851.jpg 1024w\" sizes=\"auto, (max-width: 360px) 100vw, 360px\" \/><\/p>\n<p><img loading=\"lazy\" decoding=\"async\" class=\"aligncenter size-medium wp-image-7071\" title=\"DSC_0100\" src=\"http:\/\/karin.stampis.com\/blog\/wp-content\/uploads\/2010\/03\/DSC_0100-360x248.jpg\" alt=\"\" width=\"360\" height=\"248\" srcset=\"http:\/\/karin.stampis.com\/blog\/wp-content\/uploads\/2010\/03\/DSC_0100-360x248.jpg 360w, http:\/\/karin.stampis.com\/blog\/wp-content\/uploads\/2010\/03\/DSC_0100-1024x707.jpg 1024w\" sizes=\"auto, (max-width: 360px) 100vw, 360px\" \/><\/p>\n","protected":false},"excerpt":{"rendered":"<p>P\u00e5 v\u00e4gen till och fr\u00e5n centrum\/parken brukar vi alltid passera Lilla kafferosteriet. Har tyckt att det har sett himla mysigt ut d\u00e4r, men deras \u00f6ppet-tider korrelerar inte riktigt med v\u00e5ra promenad\/fika-tider (och d\u00e4r verkar alltid vara s\u00e5 fullt p\u00e5 helger). &hellip; <a href=\"http:\/\/karin.stampis.com\/blog\/?p=7069\">Continue reading <span class=\"meta-nav\">&rarr;<\/span><\/a><\/p>\n","protected":false},"author":1,"featured_media":0,"comment_status":"open","ping_status":"open","sticky":false,"template":"","format":"standard","meta":{"footnotes":""},"categories":[245,250],"tags":[88],"class_list":["post-7069","post","type-post","status-publish","format-standard","hentry","category-245","category-mars-2010","tag-fika"],"_links":{"self":[{"href":"http:\/\/karin.stampis.com\/blog\/index.php?rest_route=\/wp\/v2\/posts\/7069","targetHints":{"allow":["GET"]}}],"collection":[{"href":"http:\/\/karin.stampis.com\/blog\/index.php?rest_route=\/wp\/v2\/posts"}],"about":[{"href":"http:\/\/karin.stampis.com\/blog\/index.php?rest_route=\/wp\/v2\/types\/post"}],"author":[{"embeddable":true,"href":"http:\/\/karin.stampis.com\/blog\/index.php?rest_route=\/wp\/v2\/users\/1"}],"replies":[{"embeddable":true,"href":"http:\/\/karin.stampis.com\/blog\/index.php?rest_route=%2Fwp%2Fv2%2Fcomments&post=7069"}],"version-history":[{"count":8,"href":"http:\/\/karin.stampis.com\/blog\/index.php?rest_route=\/wp\/v2\/posts\/7069\/revisions"}],"predecessor-version":[{"id":7080,"href":"http:\/\/karin.stampis.com\/blog\/index.php?rest_route=\/wp\/v2\/posts\/7069\/revisions\/7080"}],"wp:attachment":[{"href":"http:\/\/karin.stampis.com\/blog\/index.php?rest_route=%2Fwp%2Fv2%2Fmedia&parent=7069"}],"wp:term":[{"taxonomy":"category","embeddable":true,"href":"http:\/\/karin.stampis.com\/blog\/index.php?rest_route=%2Fwp%2Fv2%2Fcategories&post=7069"},{"taxonomy":"post_tag","embeddable":true,"href":"http:\/\/karin.stampis.com\/blog\/index.php?rest_route=%2Fwp%2Fv2%2Ftags&post=7069"}],"curies":[{"name":"wp","href":"https:\/\/api.w.org\/{rel}","templated":true}]}}