{"id":7159,"date":"2010-04-02T11:09:18","date_gmt":"2010-04-02T09:09:18","guid":{"rendered":"http:\/\/karin.stampis.com\/blog\/?p=7159"},"modified":"2010-04-02T18:36:43","modified_gmt":"2010-04-02T16:36:43","slug":"langfredag","status":"publish","type":"post","link":"http:\/\/karin.stampis.com\/blog\/?p=7159","title":{"rendered":"L\u00e5ngfredag"},"content":{"rendered":"<p>Det \u00e4r l\u00e5ngfredag och jag \u00e4r redan helt f\u00f6rvirrad \u00f6ver dagarna, tror att det \u00e4r l\u00f6rdag hela tiden. F\u00f6rvirrad \u00f6ver dagarna \u00e4r jag ocks\u00e5 d\u00e5 det g\u00e4ller vad som sades h\u00e4nda under vilken dag f\u00f6r runt 2000 \u00e5r sen enligt bibeln. Jag n\u00f6jer mig med att konstatera att det \u00e4r sk\u00f6nt med p\u00e5skledighet.<\/p>\n<p><img loading=\"lazy\" decoding=\"async\" class=\"aligncenter size-medium wp-image-7160\" title=\"IMG_7638\" src=\"http:\/\/karin.stampis.com\/blog\/wp-content\/uploads\/2010\/04\/IMG_7638-360x270.jpg\" alt=\"\" width=\"360\" height=\"270\" srcset=\"http:\/\/karin.stampis.com\/blog\/wp-content\/uploads\/2010\/04\/IMG_7638-360x270.jpg 360w, http:\/\/karin.stampis.com\/blog\/wp-content\/uploads\/2010\/04\/IMG_7638-1024x768.jpg 1024w\" sizes=\"auto, (max-width: 360px) 100vw, 360px\" \/><\/p>\n<p><img loading=\"lazy\" decoding=\"async\" class=\"aligncenter size-medium wp-image-7191\" title=\"825722435_PXnZX-M\" src=\"http:\/\/karin.stampis.com\/blog\/wp-content\/uploads\/2010\/04\/825722435_PXnZX-M-360x270.jpg\" alt=\"\" width=\"360\" height=\"270\" srcset=\"http:\/\/karin.stampis.com\/blog\/wp-content\/uploads\/2010\/04\/825722435_PXnZX-M-360x270.jpg 360w, http:\/\/karin.stampis.com\/blog\/wp-content\/uploads\/2010\/04\/825722435_PXnZX-M.jpg 600w\" sizes=\"auto, (max-width: 360px) 100vw, 360px\" \/><\/p>\n","protected":false},"excerpt":{"rendered":"<p>Det \u00e4r l\u00e5ngfredag och jag \u00e4r redan helt f\u00f6rvirrad \u00f6ver dagarna, tror att det \u00e4r l\u00f6rdag hela tiden. F\u00f6rvirrad \u00f6ver dagarna \u00e4r jag ocks\u00e5 d\u00e5 det g\u00e4ller vad som sades h\u00e4nda under vilken dag f\u00f6r runt 2000 \u00e5r sen enligt &hellip; <a href=\"http:\/\/karin.stampis.com\/blog\/?p=7159\">Continue reading <span class=\"meta-nav\">&rarr;<\/span><\/a><\/p>\n","protected":false},"author":1,"featured_media":0,"comment_status":"open","ping_status":"open","sticky":false,"template":"","format":"standard","meta":{"footnotes":""},"categories":[245,253],"tags":[],"class_list":["post-7159","post","type-post","status-publish","format-standard","hentry","category-245","category-april-2010"],"_links":{"self":[{"href":"http:\/\/karin.stampis.com\/blog\/index.php?rest_route=\/wp\/v2\/posts\/7159","targetHints":{"allow":["GET"]}}],"collection":[{"href":"http:\/\/karin.stampis.com\/blog\/index.php?rest_route=\/wp\/v2\/posts"}],"about":[{"href":"http:\/\/karin.stampis.com\/blog\/index.php?rest_route=\/wp\/v2\/types\/post"}],"author":[{"embeddable":true,"href":"http:\/\/karin.stampis.com\/blog\/index.php?rest_route=\/wp\/v2\/users\/1"}],"replies":[{"embeddable":true,"href":"http:\/\/karin.stampis.com\/blog\/index.php?rest_route=%2Fwp%2Fv2%2Fcomments&post=7159"}],"version-history":[{"count":7,"href":"http:\/\/karin.stampis.com\/blog\/index.php?rest_route=\/wp\/v2\/posts\/7159\/revisions"}],"predecessor-version":[{"id":7165,"href":"http:\/\/karin.stampis.com\/blog\/index.php?rest_route=\/wp\/v2\/posts\/7159\/revisions\/7165"}],"wp:attachment":[{"href":"http:\/\/karin.stampis.com\/blog\/index.php?rest_route=%2Fwp%2Fv2%2Fmedia&parent=7159"}],"wp:term":[{"taxonomy":"category","embeddable":true,"href":"http:\/\/karin.stampis.com\/blog\/index.php?rest_route=%2Fwp%2Fv2%2Fcategories&post=7159"},{"taxonomy":"post_tag","embeddable":true,"href":"http:\/\/karin.stampis.com\/blog\/index.php?rest_route=%2Fwp%2Fv2%2Ftags&post=7159"}],"curies":[{"name":"wp","href":"https:\/\/api.w.org\/{rel}","templated":true}]}}