{"id":7168,"date":"2010-04-03T08:31:18","date_gmt":"2010-04-03T06:31:18","guid":{"rendered":"http:\/\/karin.stampis.com\/blog\/?p=7168"},"modified":"2010-04-03T10:11:03","modified_gmt":"2010-04-03T08:11:03","slug":"paskafton","status":"publish","type":"post","link":"http:\/\/karin.stampis.com\/blog\/?p=7168","title":{"rendered":"P\u00e5skafton"},"content":{"rendered":"<p>Forts\u00e4ttning p\u00e5 temat &#8220;Dagens p\u00e5skpynt&#8221;. Jag st\u00e4llde fram lite antikt p\u00e5skpynt som fanns i g\u00f6mmorna h\u00e4r. Den h\u00e4r filuren har nog lite snett \u00f6ga alternativt n\u00e4bb. Men jag tycker att han \u00e4r r\u00e4tt s\u00e5 charmig \u00e4nd\u00e5 \ud83d\ude09 .<\/p>\n<p>Idag blir det lite Konstrunda med fika och sen p\u00e5sk\/f\u00f6delsedagsmiddag  p\u00e5 g\u00e5rden. \u00c4r h\u00e4rligt soligt v\u00e4der ute s\u00e5 blir nog en liten promenad idag ocks\u00e5 \ud83d\ude42 .<\/p>\n<p><img loading=\"lazy\" decoding=\"async\" class=\"aligncenter size-medium wp-image-7169\" title=\"IMG_7641\" src=\"http:\/\/karin.stampis.com\/blog\/wp-content\/uploads\/2010\/04\/IMG_7641-270x360.jpg\" alt=\"\" width=\"270\" height=\"360\" srcset=\"http:\/\/karin.stampis.com\/blog\/wp-content\/uploads\/2010\/04\/IMG_7641-270x360.jpg 270w, http:\/\/karin.stampis.com\/blog\/wp-content\/uploads\/2010\/04\/IMG_7641-768x1024.jpg 768w\" sizes=\"auto, (max-width: 270px) 100vw, 270px\" \/><\/p>\n<p><img loading=\"lazy\" decoding=\"async\" class=\"aligncenter size-medium wp-image-7172\" title=\"IMG_7643\" src=\"http:\/\/karin.stampis.com\/blog\/wp-content\/uploads\/2010\/04\/IMG_7643-360x270.jpg\" alt=\"\" width=\"360\" height=\"270\" srcset=\"http:\/\/karin.stampis.com\/blog\/wp-content\/uploads\/2010\/04\/IMG_7643-360x270.jpg 360w, http:\/\/karin.stampis.com\/blog\/wp-content\/uploads\/2010\/04\/IMG_7643-1024x768.jpg 1024w\" sizes=\"auto, (max-width: 360px) 100vw, 360px\" \/><\/p>\n","protected":false},"excerpt":{"rendered":"<p>Forts\u00e4ttning p\u00e5 temat &#8220;Dagens p\u00e5skpynt&#8221;. Jag st\u00e4llde fram lite antikt p\u00e5skpynt som fanns i g\u00f6mmorna h\u00e4r. Den h\u00e4r filuren har nog lite snett \u00f6ga alternativt n\u00e4bb. Men jag tycker att han \u00e4r r\u00e4tt s\u00e5 charmig \u00e4nd\u00e5 \ud83d\ude09 . Idag blir &hellip; <a href=\"http:\/\/karin.stampis.com\/blog\/?p=7168\">Continue reading <span class=\"meta-nav\">&rarr;<\/span><\/a><\/p>\n","protected":false},"author":1,"featured_media":0,"comment_status":"open","ping_status":"open","sticky":false,"template":"","format":"standard","meta":{"footnotes":""},"categories":[245,253],"tags":[],"class_list":["post-7168","post","type-post","status-publish","format-standard","hentry","category-245","category-april-2010"],"_links":{"self":[{"href":"http:\/\/karin.stampis.com\/blog\/index.php?rest_route=\/wp\/v2\/posts\/7168","targetHints":{"allow":["GET"]}}],"collection":[{"href":"http:\/\/karin.stampis.com\/blog\/index.php?rest_route=\/wp\/v2\/posts"}],"about":[{"href":"http:\/\/karin.stampis.com\/blog\/index.php?rest_route=\/wp\/v2\/types\/post"}],"author":[{"embeddable":true,"href":"http:\/\/karin.stampis.com\/blog\/index.php?rest_route=\/wp\/v2\/users\/1"}],"replies":[{"embeddable":true,"href":"http:\/\/karin.stampis.com\/blog\/index.php?rest_route=%2Fwp%2Fv2%2Fcomments&post=7168"}],"version-history":[{"count":11,"href":"http:\/\/karin.stampis.com\/blog\/index.php?rest_route=\/wp\/v2\/posts\/7168\/revisions"}],"predecessor-version":[{"id":7195,"href":"http:\/\/karin.stampis.com\/blog\/index.php?rest_route=\/wp\/v2\/posts\/7168\/revisions\/7195"}],"wp:attachment":[{"href":"http:\/\/karin.stampis.com\/blog\/index.php?rest_route=%2Fwp%2Fv2%2Fmedia&parent=7168"}],"wp:term":[{"taxonomy":"category","embeddable":true,"href":"http:\/\/karin.stampis.com\/blog\/index.php?rest_route=%2Fwp%2Fv2%2Fcategories&post=7168"},{"taxonomy":"post_tag","embeddable":true,"href":"http:\/\/karin.stampis.com\/blog\/index.php?rest_route=%2Fwp%2Fv2%2Ftags&post=7168"}],"curies":[{"name":"wp","href":"https:\/\/api.w.org\/{rel}","templated":true}]}}