{"id":7201,"date":"2010-04-03T11:50:28","date_gmt":"2010-04-03T09:50:28","guid":{"rendered":"http:\/\/karin.stampis.com\/blog\/?p=7201"},"modified":"2010-04-03T11:50:28","modified_gmt":"2010-04-03T09:50:28","slug":"soligt-i-torekov","status":"publish","type":"post","link":"http:\/\/karin.stampis.com\/blog\/?p=7201","title":{"rendered":"Soligt i Torekov"},"content":{"rendered":"<p>Idag d\u00e5 jag slog upp de bl\u00e5gr\u00f6na s\u00e5 m\u00f6ttes de av ett h\u00e4rligt solsken \ud83d\ude42 . S\u00e5 d\u00e4rf\u00f6r drogs tr\u00e4dg\u00e5rdsm\u00f6blerna fram f\u00f6r fikapremi\u00e4r i tr\u00e4dg\u00e5rden. Precis innan hade Glassabilens truddelutt susat runt i n\u00e4rheten och d\u00e4rmed hade ett paket &#8220;M\u00e5nadens glass&#8221; inhandlats. Och jo, h\u00e4r heter den Glassabilen med a, redig sk\u00e5nska var det h\u00e4r. Jimmy s\u00e5g n\u00f6jd ut d\u00e5 han fick en glassab\u00e5t.<\/p>\n<p><img loading=\"lazy\" decoding=\"async\" class=\"aligncenter size-medium wp-image-7202\" title=\"IMG_7726\" src=\"http:\/\/karin.stampis.com\/blog\/wp-content\/uploads\/2010\/04\/IMG_7726-360x270.jpg\" alt=\"\" width=\"360\" height=\"270\" srcset=\"http:\/\/karin.stampis.com\/blog\/wp-content\/uploads\/2010\/04\/IMG_7726-360x270.jpg 360w, http:\/\/karin.stampis.com\/blog\/wp-content\/uploads\/2010\/04\/IMG_7726-1024x768.jpg 1024w\" sizes=\"auto, (max-width: 360px) 100vw, 360px\" \/><\/p>\n<p><img loading=\"lazy\" decoding=\"async\" class=\"aligncenter size-medium wp-image-7203\" title=\"IMG_7727\" src=\"http:\/\/karin.stampis.com\/blog\/wp-content\/uploads\/2010\/04\/IMG_7727-360x270.jpg\" alt=\"\" width=\"360\" height=\"270\" srcset=\"http:\/\/karin.stampis.com\/blog\/wp-content\/uploads\/2010\/04\/IMG_7727-360x270.jpg 360w, http:\/\/karin.stampis.com\/blog\/wp-content\/uploads\/2010\/04\/IMG_7727-1024x768.jpg 1024w\" sizes=\"auto, (max-width: 360px) 100vw, 360px\" \/><\/p>\n","protected":false},"excerpt":{"rendered":"<p>Idag d\u00e5 jag slog upp de bl\u00e5gr\u00f6na s\u00e5 m\u00f6ttes de av ett h\u00e4rligt solsken \ud83d\ude42 . S\u00e5 d\u00e4rf\u00f6r drogs tr\u00e4dg\u00e5rdsm\u00f6blerna fram f\u00f6r fikapremi\u00e4r i tr\u00e4dg\u00e5rden. Precis innan hade Glassabilens truddelutt susat runt i n\u00e4rheten och d\u00e4rmed hade ett paket &#8220;M\u00e5nadens &hellip; <a href=\"http:\/\/karin.stampis.com\/blog\/?p=7201\">Continue reading <span class=\"meta-nav\">&rarr;<\/span><\/a><\/p>\n","protected":false},"author":1,"featured_media":0,"comment_status":"open","ping_status":"open","sticky":false,"template":"","format":"standard","meta":{"footnotes":""},"categories":[245,253],"tags":[],"class_list":["post-7201","post","type-post","status-publish","format-standard","hentry","category-245","category-april-2010"],"_links":{"self":[{"href":"http:\/\/karin.stampis.com\/blog\/index.php?rest_route=\/wp\/v2\/posts\/7201","targetHints":{"allow":["GET"]}}],"collection":[{"href":"http:\/\/karin.stampis.com\/blog\/index.php?rest_route=\/wp\/v2\/posts"}],"about":[{"href":"http:\/\/karin.stampis.com\/blog\/index.php?rest_route=\/wp\/v2\/types\/post"}],"author":[{"embeddable":true,"href":"http:\/\/karin.stampis.com\/blog\/index.php?rest_route=\/wp\/v2\/users\/1"}],"replies":[{"embeddable":true,"href":"http:\/\/karin.stampis.com\/blog\/index.php?rest_route=%2Fwp%2Fv2%2Fcomments&post=7201"}],"version-history":[{"count":3,"href":"http:\/\/karin.stampis.com\/blog\/index.php?rest_route=\/wp\/v2\/posts\/7201\/revisions"}],"predecessor-version":[{"id":7206,"href":"http:\/\/karin.stampis.com\/blog\/index.php?rest_route=\/wp\/v2\/posts\/7201\/revisions\/7206"}],"wp:attachment":[{"href":"http:\/\/karin.stampis.com\/blog\/index.php?rest_route=%2Fwp%2Fv2%2Fmedia&parent=7201"}],"wp:term":[{"taxonomy":"category","embeddable":true,"href":"http:\/\/karin.stampis.com\/blog\/index.php?rest_route=%2Fwp%2Fv2%2Fcategories&post=7201"},{"taxonomy":"post_tag","embeddable":true,"href":"http:\/\/karin.stampis.com\/blog\/index.php?rest_route=%2Fwp%2Fv2%2Ftags&post=7201"}],"curies":[{"name":"wp","href":"https:\/\/api.w.org\/{rel}","templated":true}]}}