{"id":739,"date":"2008-12-15T19:25:56","date_gmt":"2008-12-15T17:25:56","guid":{"rendered":"http:\/\/karin.stampis.com\/blog\/?p=739"},"modified":"2009-01-02T14:41:44","modified_gmt":"2009-01-02T12:41:44","slug":"ingen-seg-mandag","status":"publish","type":"post","link":"http:\/\/karin.stampis.com\/blog\/?p=739","title":{"rendered":"Ingen seg-M\u00e5ndag!"},"content":{"rendered":"<p>D\u00e5 jag satt p\u00e5 bussen i morse funderade jag lite sm\u00e5tt p\u00e5 vilken av alla mina sparade &#8220;Seg-m\u00e5ndag&#8221;-bilder jag skulle ha p\u00e5 bloggen idag&#8230; Jag var helt vansinnigt tr\u00f6tt och hade snoozat i en halvtimme. Sen var jag aningen groggy p\u00e5 f\u00f6rmiddagen. Och nej, jag hade inte hittat p\u00e5 n\u00e5got speciellt p\u00e5 s\u00f6ndagskv\u00e4llen, inte druckit n\u00e5gon alkohol eller h\u00e4ngt uppe till klockan 2, men det kan ha varit s\u00f6mnbristen efter den sena fredagskv\u00e4llen som gjorde sig tillk\u00e4nna, plus den allm\u00e4nna segheten man k\u00e4nner av d\u00e5 det \u00e4r s\u00e5 m\u00f6rkt ute hela tiden.<\/p>\n<p>Men sen kvicknade jag till, mycket otippat! Jag vet inte riktigt vad det berodde p\u00e5. Det kan ha varit f\u00f6r att jag f\u00f6r f\u00f6rsta g\u00e5ngen p\u00e5 l\u00e4nge tog en kopp av r\u00e4vgiftet som serveras p\u00e5 jobbet. Det kallas kaffe men jag undrar om inte n\u00e5gon kemist mixat med blandningen i maskinen \ud83d\ude09 . Dricker man 2-3 koppar av det kaffet p\u00e5 en f\u00f6rmiddag s\u00e5 ger det mer effekt \u00e4n 2-3 glas vin&#8230;<\/p>\n<p>Det kan ocks\u00e5 varit adrenalinproduktionen jag fick av att, med v\u00e4ldigt kort varsel, ta blodprov (f\u00f6r att anv\u00e4ndas som test-blod till ett av mina projekt). Jag \u00e4r mycket fobisk mot n\u00e5lar\/sprutor etc, men mitt jobb \u00e4r r\u00e4tt bra terapi f\u00f6r det!<\/p>\n<p>Iallafall s\u00e5 jobbade jag p\u00e5 ganska l\u00e4nge och intensivt idag, men k\u00e4nde \u00e4nd\u00e5 ett sug att bege mig ut och springa, och det suget kunde besegra suget att d\u00e4cka i soffan (det sistn\u00e4mnda har varit en v\u00e4ldigt stark drivkraft f\u00f6r mig p\u00e5 sistone). Det har inte h\u00e4nt p\u00e5 v\u00e4\u00e4\u00e4\u00e4\u00e4\u00e4\u00e4\u00e4\u00e4\u00e4ldigt l\u00e4nge att jag orkat tr\u00e4na- jag har inte tr\u00e4nat n\u00e5got p\u00e5 snart tv\u00e5 m\u00e5nader \ud83d\ude41 . Var f\u00f6rst kn\u00e4skadad, sen bortrest och efter det har jag inte haft n\u00e5gon ork alls. Men idag kom jag som ut och sprang! Det var superh\u00e4rligt! Mysigt att springa l\u00e4ngs de t\u00e4nda ljusen som \u00e4r uppst\u00e4llda l\u00e4ngs kanalen. K\u00e4nns riktigt h\u00e4rligt att ha r\u00f6rt p\u00e5 sig \ud83d\ude42 . Nu hoppas jag att inspirationen h\u00e5ller i sig &#8211; och att kn\u00e4et g\u00f6r detsamma&#8230;<\/p>\n<p><a href=\"http:\/\/karin.stampis.com\/blog\/wp-content\/uploads\/2008\/12\/run.jpg\"><img loading=\"lazy\" decoding=\"async\" class=\"aligncenter size-medium wp-image-740\" title=\"run\" src=\"http:\/\/karin.stampis.com\/blog\/wp-content\/uploads\/2008\/12\/run-300x192.jpg\" alt=\"\" width=\"300\" height=\"192\" srcset=\"http:\/\/karin.stampis.com\/blog\/wp-content\/uploads\/2008\/12\/run-300x192.jpg 300w, http:\/\/karin.stampis.com\/blog\/wp-content\/uploads\/2008\/12\/run.jpg 500w\" sizes=\"auto, (max-width: 300px) 100vw, 300px\" \/><\/a><\/p>\n<p><em>Ist\u00e4llet f\u00f6r en &#8220;M\u00e5ndags-seg&#8221;-bild \ud83d\ude42 .<\/em><\/p>\n","protected":false},"excerpt":{"rendered":"<p>D\u00e5 jag satt p\u00e5 bussen i morse funderade jag lite sm\u00e5tt p\u00e5 vilken av alla mina sparade &#8220;Seg-m\u00e5ndag&#8221;-bilder jag skulle ha p\u00e5 bloggen idag&#8230; Jag var helt vansinnigt tr\u00f6tt och hade snoozat i en halvtimme. Sen var jag aningen groggy &hellip; <a href=\"http:\/\/karin.stampis.com\/blog\/?p=739\">Continue reading <span class=\"meta-nav\">&rarr;<\/span><\/a><\/p>\n","protected":false},"author":1,"featured_media":0,"comment_status":"open","ping_status":"open","sticky":false,"template":"","format":"standard","meta":{"footnotes":""},"categories":[95],"tags":[128,34,36],"class_list":["post-739","post","type-post","status-publish","format-standard","hentry","category-december-2008","tag-energikarin","tag-mandag","tag-traning"],"_links":{"self":[{"href":"http:\/\/karin.stampis.com\/blog\/index.php?rest_route=\/wp\/v2\/posts\/739","targetHints":{"allow":["GET"]}}],"collection":[{"href":"http:\/\/karin.stampis.com\/blog\/index.php?rest_route=\/wp\/v2\/posts"}],"about":[{"href":"http:\/\/karin.stampis.com\/blog\/index.php?rest_route=\/wp\/v2\/types\/post"}],"author":[{"embeddable":true,"href":"http:\/\/karin.stampis.com\/blog\/index.php?rest_route=\/wp\/v2\/users\/1"}],"replies":[{"embeddable":true,"href":"http:\/\/karin.stampis.com\/blog\/index.php?rest_route=%2Fwp%2Fv2%2Fcomments&post=739"}],"version-history":[{"count":10,"href":"http:\/\/karin.stampis.com\/blog\/index.php?rest_route=\/wp\/v2\/posts\/739\/revisions"}],"predecessor-version":[{"id":1042,"href":"http:\/\/karin.stampis.com\/blog\/index.php?rest_route=\/wp\/v2\/posts\/739\/revisions\/1042"}],"wp:attachment":[{"href":"http:\/\/karin.stampis.com\/blog\/index.php?rest_route=%2Fwp%2Fv2%2Fmedia&parent=739"}],"wp:term":[{"taxonomy":"category","embeddable":true,"href":"http:\/\/karin.stampis.com\/blog\/index.php?rest_route=%2Fwp%2Fv2%2Fcategories&post=739"},{"taxonomy":"post_tag","embeddable":true,"href":"http:\/\/karin.stampis.com\/blog\/index.php?rest_route=%2Fwp%2Fv2%2Ftags&post=739"}],"curies":[{"name":"wp","href":"https:\/\/api.w.org\/{rel}","templated":true}]}}