{"id":7427,"date":"2010-04-25T09:29:02","date_gmt":"2010-04-25T07:29:02","guid":{"rendered":"http:\/\/karin.stampis.com\/blog\/?p=7427"},"modified":"2010-04-25T09:29:02","modified_gmt":"2010-04-25T07:29:02","slug":"promenad-langs-havet-2","status":"publish","type":"post","link":"http:\/\/karin.stampis.com\/blog\/?p=7427","title":{"rendered":"Promenad l\u00e4ngs havet"},"content":{"rendered":"<p>Vackert v\u00e4der men kallt h\u00e4r p\u00e5 landet &#8211; i natt kr\u00f6p det under nollan, brrr.<\/p>\n<p style=\"text-align: center;\"><img loading=\"lazy\" decoding=\"async\" class=\"size-full wp-image-7428 aligncenter\" title=\"IMG_7857\" src=\"http:\/\/karin.stampis.com\/blog\/wp-content\/uploads\/2010\/04\/IMG_7857.jpg\" alt=\"\" width=\"400\" height=\"300\" srcset=\"http:\/\/karin.stampis.com\/blog\/wp-content\/uploads\/2010\/04\/IMG_7857.jpg 400w, http:\/\/karin.stampis.com\/blog\/wp-content\/uploads\/2010\/04\/IMG_7857-360x270.jpg 360w\" sizes=\"auto, (max-width: 400px) 100vw, 400px\" \/><\/p>\n<p style=\"text-align: center;\"><img loading=\"lazy\" decoding=\"async\" class=\"aligncenter size-full wp-image-7429\" title=\"IMG_7858\" src=\"http:\/\/karin.stampis.com\/blog\/wp-content\/uploads\/2010\/04\/IMG_7858.jpg\" alt=\"\" width=\"400\" height=\"290\" srcset=\"http:\/\/karin.stampis.com\/blog\/wp-content\/uploads\/2010\/04\/IMG_7858.jpg 400w, http:\/\/karin.stampis.com\/blog\/wp-content\/uploads\/2010\/04\/IMG_7858-360x261.jpg 360w\" sizes=\"auto, (max-width: 400px) 100vw, 400px\" \/><\/p>\n<p style=\"text-align: center;\"><img loading=\"lazy\" decoding=\"async\" class=\"aligncenter size-full wp-image-7431\" title=\"IMG_7865\" src=\"http:\/\/karin.stampis.com\/blog\/wp-content\/uploads\/2010\/04\/IMG_78651.jpg\" alt=\"\" width=\"400\" height=\"300\" srcset=\"http:\/\/karin.stampis.com\/blog\/wp-content\/uploads\/2010\/04\/IMG_78651.jpg 400w, http:\/\/karin.stampis.com\/blog\/wp-content\/uploads\/2010\/04\/IMG_78651-360x270.jpg 360w\" sizes=\"auto, (max-width: 400px) 100vw, 400px\" \/><\/p>\n","protected":false},"excerpt":{"rendered":"<p>Vackert v\u00e4der men kallt h\u00e4r p\u00e5 landet &#8211; i natt kr\u00f6p det under nollan, brrr.<\/p>\n","protected":false},"author":1,"featured_media":0,"comment_status":"open","ping_status":"open","sticky":false,"template":"","format":"standard","meta":{"footnotes":""},"categories":[245,253,147],"tags":[],"class_list":["post-7427","post","type-post","status-publish","format-standard","hentry","category-245","category-april-2010","category-fotoblogg"],"_links":{"self":[{"href":"http:\/\/karin.stampis.com\/blog\/index.php?rest_route=\/wp\/v2\/posts\/7427","targetHints":{"allow":["GET"]}}],"collection":[{"href":"http:\/\/karin.stampis.com\/blog\/index.php?rest_route=\/wp\/v2\/posts"}],"about":[{"href":"http:\/\/karin.stampis.com\/blog\/index.php?rest_route=\/wp\/v2\/types\/post"}],"author":[{"embeddable":true,"href":"http:\/\/karin.stampis.com\/blog\/index.php?rest_route=\/wp\/v2\/users\/1"}],"replies":[{"embeddable":true,"href":"http:\/\/karin.stampis.com\/blog\/index.php?rest_route=%2Fwp%2Fv2%2Fcomments&post=7427"}],"version-history":[{"count":5,"href":"http:\/\/karin.stampis.com\/blog\/index.php?rest_route=\/wp\/v2\/posts\/7427\/revisions"}],"predecessor-version":[{"id":7436,"href":"http:\/\/karin.stampis.com\/blog\/index.php?rest_route=\/wp\/v2\/posts\/7427\/revisions\/7436"}],"wp:attachment":[{"href":"http:\/\/karin.stampis.com\/blog\/index.php?rest_route=%2Fwp%2Fv2%2Fmedia&parent=7427"}],"wp:term":[{"taxonomy":"category","embeddable":true,"href":"http:\/\/karin.stampis.com\/blog\/index.php?rest_route=%2Fwp%2Fv2%2Fcategories&post=7427"},{"taxonomy":"post_tag","embeddable":true,"href":"http:\/\/karin.stampis.com\/blog\/index.php?rest_route=%2Fwp%2Fv2%2Ftags&post=7427"}],"curies":[{"name":"wp","href":"https:\/\/api.w.org\/{rel}","templated":true}]}}