{"id":757,"date":"2008-12-17T18:56:21","date_gmt":"2008-12-17T16:56:21","guid":{"rendered":"http:\/\/karin.stampis.com\/blog\/?p=757"},"modified":"2008-12-17T18:58:42","modified_gmt":"2008-12-17T16:58:42","slug":"nerd-i-am","status":"publish","type":"post","link":"http:\/\/karin.stampis.com\/blog\/?p=757","title":{"rendered":"Nerd I am"},"content":{"rendered":"<p>Jag tycker mitt jobb \u00e4r v\u00e4ldigt skoj, men periodvis funderar jag p\u00e5 om jag verkligen \u00e4r nerdig tillr\u00e4ckligt f\u00f6r att kunna n\u00e5 h\u00f6gt upp i den akademiska v\u00e4rlden. H\u00e4r \u00e4r nerdig inte menat som ett negativt ord, jag tycker faktiskt att nerd ofta kan ha en positiv mening &#8211; att man \u00e4r v\u00e4ldigt engagerad i ett \u00e4mne. Jag \u00e4r engagerad, men man k\u00e4nner sig ljus\u00e5r ifr\u00e5n alla professorer p\u00e5 konferenser som har hur mycket fr\u00e5gor och synpunkter som helst p\u00e5 forskningen och som kan alla artiklar som skrivits inom omr\u00e5det de senaste 20-30 \u00e5ren n\u00e4stan utantill&#8230;<\/p>\n<p>Fast ibland inser jag att jag absolut \u00e4r nerdig tillr\u00e4ckligt \ud83d\ude09 . Idag fick jag klart alla m\u00e4tv\u00e4rden fr\u00e5n ett projekt, som jag (och min kollega som jag sen outscourcade labbandet till) labbat maaaaassor p\u00e5. Labbandet \u00e4r ett n\u00f6dv\u00e4ndigt ont (speciellt d\u00e5 det g\u00e4ller mass-spec&#8230;), men n\u00e4r det \u00e4r klart kommer man till de roligaste delarna &#8211; att r\u00e4kna p\u00e5 sina v\u00e4rden och att skriva ihop vad man har kommit fram till i en artikel.<\/p>\n<p>S\u00e5 jag blev riktigt exalterad \u00f6ver att f\u00e5 helt nya fr\u00e4scha data att jobba med, och \u00e4nnu mer exalterad d\u00e5 resultaten verkar riktigt bra s\u00e5 \u00e4r p\u00e5 hur glatt hum\u00f6r som helst nu \ud83d\ude42 . S\u00e5 lite nerd-po\u00e4ng var det v\u00e4l \u00e4nd\u00e5? S\u00e5 nu k\u00e4nns min &#8220;jag-vill-ha-julledighet-nu-seghet&#8221; som bortbl\u00e5st. Konstigt nog brukar s\u00e5dana h\u00e4r jobb-toppar dyka upp precis innan man ska ta ledigt, eller p\u00e5 en fredagseftermiddag &#8211; och ALDRIG p\u00e5 en m\u00e5ndagsmorgon. Lite skumt \u00e4r det!<\/p>\n<p>Dock f\u00e5r man se hur mycket av exalteringen som \u00e4r kvar d\u00e5 man \u00e4r tillbaka efter att ha sl\u00f6at i \u00f6ver 2 veckor under jul-ledigheten :-p .<\/p>\n<p style=\"text-align: center;\"><a href=\"http:\/\/karin.stampis.com\/blog\/wp-content\/uploads\/2008\/12\/glasisar.jpg\"><img loading=\"lazy\" decoding=\"async\" class=\"aligncenter size-medium wp-image-758\" src=\"http:\/\/karin.stampis.com\/blog\/wp-content\/uploads\/2008\/12\/glasisar-300x276.jpg\" alt=\"\" width=\"300\" height=\"276\" srcset=\"http:\/\/karin.stampis.com\/blog\/wp-content\/uploads\/2008\/12\/glasisar-300x276.jpg 300w, http:\/\/karin.stampis.com\/blog\/wp-content\/uploads\/2008\/12\/glasisar.jpg 500w\" sizes=\"auto, (max-width: 300px) 100vw, 300px\" \/><\/a><\/p>\n<p><em>Jag som en 63-\u00e5rig Professor Karin?<\/em><\/p>\n","protected":false},"excerpt":{"rendered":"<p>Jag tycker mitt jobb \u00e4r v\u00e4ldigt skoj, men periodvis funderar jag p\u00e5 om jag verkligen \u00e4r nerdig tillr\u00e4ckligt f\u00f6r att kunna n\u00e5 h\u00f6gt upp i den akademiska v\u00e4rlden. H\u00e4r \u00e4r nerdig inte menat som ett negativt ord, jag tycker faktiskt &hellip; <a href=\"http:\/\/karin.stampis.com\/blog\/?p=757\">Continue reading <span class=\"meta-nav\">&rarr;<\/span><\/a><\/p>\n","protected":false},"author":1,"featured_media":0,"comment_status":"open","ping_status":"open","sticky":false,"template":"","format":"standard","meta":{"footnotes":""},"categories":[95],"tags":[114],"class_list":["post-757","post","type-post","status-publish","format-standard","hentry","category-december-2008","tag-jobb"],"_links":{"self":[{"href":"http:\/\/karin.stampis.com\/blog\/index.php?rest_route=\/wp\/v2\/posts\/757","targetHints":{"allow":["GET"]}}],"collection":[{"href":"http:\/\/karin.stampis.com\/blog\/index.php?rest_route=\/wp\/v2\/posts"}],"about":[{"href":"http:\/\/karin.stampis.com\/blog\/index.php?rest_route=\/wp\/v2\/types\/post"}],"author":[{"embeddable":true,"href":"http:\/\/karin.stampis.com\/blog\/index.php?rest_route=\/wp\/v2\/users\/1"}],"replies":[{"embeddable":true,"href":"http:\/\/karin.stampis.com\/blog\/index.php?rest_route=%2Fwp%2Fv2%2Fcomments&post=757"}],"version-history":[{"count":3,"href":"http:\/\/karin.stampis.com\/blog\/index.php?rest_route=\/wp\/v2\/posts\/757\/revisions"}],"predecessor-version":[{"id":761,"href":"http:\/\/karin.stampis.com\/blog\/index.php?rest_route=\/wp\/v2\/posts\/757\/revisions\/761"}],"wp:attachment":[{"href":"http:\/\/karin.stampis.com\/blog\/index.php?rest_route=%2Fwp%2Fv2%2Fmedia&parent=757"}],"wp:term":[{"taxonomy":"category","embeddable":true,"href":"http:\/\/karin.stampis.com\/blog\/index.php?rest_route=%2Fwp%2Fv2%2Fcategories&post=757"},{"taxonomy":"post_tag","embeddable":true,"href":"http:\/\/karin.stampis.com\/blog\/index.php?rest_route=%2Fwp%2Fv2%2Ftags&post=757"}],"curies":[{"name":"wp","href":"https:\/\/api.w.org\/{rel}","templated":true}]}}