{"id":8294,"date":"2010-08-23T19:26:12","date_gmt":"2010-08-23T17:26:12","guid":{"rendered":"http:\/\/karin.stampis.com\/blog\/?p=8294"},"modified":"2010-08-23T19:26:12","modified_gmt":"2010-08-23T17:26:12","slug":"langtur-med-adi","status":"publish","type":"post","link":"http:\/\/karin.stampis.com\/blog\/?p=8294","title":{"rendered":"L\u00e5ngtur med \u00c5di"},"content":{"rendered":"<p>I helgen var det dags f\u00f6r att testa \u00c5di rej\u00e4lt. Man f\u00e5r ju passa p\u00e5 under de 3 m\u00e5nader som garantin g\u00e4ller s\u00e5 man hinner uppt\u00e4cka om det \u00e4r n\u00e5got fel. \u00c5di \u00e4r allts\u00e5 v\u00e5r bil. Egentligen hade vi v\u00e4l inte t\u00e4nkt ge honom ett s\u00e5nt vanligt namn (\u00c5di k\u00e4nns ju inte som det ovanligaste namnet p\u00e5 en Audi), men det kunde inte hj\u00e4lpas &#8211; han \u00e4r helt enkelt \u00c5di. Det \u00e4r s\u00e5 inbankat nu, s\u00e5 jag har \u00e4ven hunnit bli tillr\u00e4ttavisad av folk som s\u00e4ger att &#8220;m\u00e4rket uttalas faktiskt A-U-D-I&#8221;. Jotack, jag vet :p.<\/p>\n<p>I alla fall s\u00e5 bestod testet av en helgtur till \u00d6land, med en rundtur som t\u00e4ckte halva \u00f6n. \u00c5di var lastad med 4 personer och en massa packning. \u00c4n s\u00e5 l\u00e4nge har \u00c5di varit en riktig idealbil, och jag h\u00e5ller tummarna f\u00f6r att han forts\u00e4tter vara det! Riktigt sk\u00f6n att g\u00f6ra l\u00e5ngturer i, han \u00e4r ju trots allt gjord f\u00f6r Autobahn.<\/p>\n<p>\u00d6landsturen var riktigt najs. Mer om det senare.<\/p>\n<p><img loading=\"lazy\" decoding=\"async\" class=\"aligncenter size-medium wp-image-8296\" title=\"IMG_8826\" src=\"http:\/\/karin.stampis.com\/blog\/wp-content\/uploads\/2010\/08\/IMG_8826-360x270.jpg\" alt=\"\" width=\"360\" height=\"270\" srcset=\"http:\/\/karin.stampis.com\/blog\/wp-content\/uploads\/2010\/08\/IMG_8826-360x270.jpg 360w, http:\/\/karin.stampis.com\/blog\/wp-content\/uploads\/2010\/08\/IMG_8826.jpg 400w\" sizes=\"auto, (max-width: 360px) 100vw, 360px\" \/><\/p>\n<p>En \u00c5di<\/p>\n<p><img loading=\"lazy\" decoding=\"async\" class=\"aligncenter size-full wp-image-8298\" title=\"Adi\" src=\"http:\/\/karin.stampis.com\/blog\/wp-content\/uploads\/2010\/08\/Adi1.jpg\" alt=\"\" width=\"227\" height=\"320\" \/>En annan \u00c5di<\/p>\n","protected":false},"excerpt":{"rendered":"<p>I helgen var det dags f\u00f6r att testa \u00c5di rej\u00e4lt. Man f\u00e5r ju passa p\u00e5 under de 3 m\u00e5nader som garantin g\u00e4ller s\u00e5 man hinner uppt\u00e4cka om det \u00e4r n\u00e5got fel. \u00c5di \u00e4r allts\u00e5 v\u00e5r bil. Egentligen hade vi v\u00e4l &hellip; <a href=\"http:\/\/karin.stampis.com\/blog\/?p=8294\">Continue reading <span class=\"meta-nav\">&rarr;<\/span><\/a><\/p>\n","protected":false},"author":1,"featured_media":0,"comment_status":"open","ping_status":"open","sticky":false,"template":"","format":"standard","meta":{"footnotes":""},"categories":[245,262],"tags":[],"class_list":["post-8294","post","type-post","status-publish","format-standard","hentry","category-245","category-augusti-2010"],"_links":{"self":[{"href":"http:\/\/karin.stampis.com\/blog\/index.php?rest_route=\/wp\/v2\/posts\/8294","targetHints":{"allow":["GET"]}}],"collection":[{"href":"http:\/\/karin.stampis.com\/blog\/index.php?rest_route=\/wp\/v2\/posts"}],"about":[{"href":"http:\/\/karin.stampis.com\/blog\/index.php?rest_route=\/wp\/v2\/types\/post"}],"author":[{"embeddable":true,"href":"http:\/\/karin.stampis.com\/blog\/index.php?rest_route=\/wp\/v2\/users\/1"}],"replies":[{"embeddable":true,"href":"http:\/\/karin.stampis.com\/blog\/index.php?rest_route=%2Fwp%2Fv2%2Fcomments&post=8294"}],"version-history":[{"count":4,"href":"http:\/\/karin.stampis.com\/blog\/index.php?rest_route=\/wp\/v2\/posts\/8294\/revisions"}],"predecessor-version":[{"id":8302,"href":"http:\/\/karin.stampis.com\/blog\/index.php?rest_route=\/wp\/v2\/posts\/8294\/revisions\/8302"}],"wp:attachment":[{"href":"http:\/\/karin.stampis.com\/blog\/index.php?rest_route=%2Fwp%2Fv2%2Fmedia&parent=8294"}],"wp:term":[{"taxonomy":"category","embeddable":true,"href":"http:\/\/karin.stampis.com\/blog\/index.php?rest_route=%2Fwp%2Fv2%2Fcategories&post=8294"},{"taxonomy":"post_tag","embeddable":true,"href":"http:\/\/karin.stampis.com\/blog\/index.php?rest_route=%2Fwp%2Fv2%2Ftags&post=8294"}],"curies":[{"name":"wp","href":"https:\/\/api.w.org\/{rel}","templated":true}]}}